{"id":14172,"date":"2025-03-14T03:22:52","date_gmt":"2025-03-14T02:22:52","guid":{"rendered":"https:\/\/entretormentas.com\/?p=14172"},"modified":"2025-03-14T08:42:08","modified_gmt":"2025-03-14T07:42:08","slug":"aclaratoria-miembros-de-ad-en-resistencia-zulia-niegan-participacion-en-elecciones-del-25-may","status":"publish","type":"post","link":"https:\/\/entretormentas.com\/aclaratoria-miembros-de-ad-en-resistencia-zulia-niegan-participacion-en-elecciones-del-25-may\/","title":{"rendered":"\u00a1ACLARATORIA! Miembros de AD \u00aben resistencia\u00bb Zulia niegan participaci\u00f3n en elecciones del 25-May"},"content":{"rendered":"\n<p><strong>ENTRE TORMENTAS.<\/strong> Integrantes del partido Acci\u00f3n Democr\u00e1tica (AD) \u00aben resistencia\u00bb del Zulia, emitieron durante la tarde de este jueves un comunicado, desmintiendo el escrito difundido horas antes, en el que salen como firmantes de un anuncio de que participar\u00e1n en las pr\u00f3ximas elecciones regionales y de la Asamblea Nacional (AN).<\/p>\n\n\n\n<p>El comunicado desmintiendo tal informaci\u00f3n, lo comparti\u00f3 con los medios de comunicaci\u00f3n, Juan Carlos Velasco, secretario general de AD Zulia.<\/p>\n\n\n\n<p>En el escrito, difundido por Velasco, los dirigentes que salen desmintiendo tal anuncio de participaci\u00f3n son: Eleisi Espina, secretario sindical seccional; Gilberto Torres, secretario Sindical Municipal San Francisco; Mercedes Luengo, bur\u00f3 sindical seccional; Ram\u00f3n Ala\u00f1a, bur\u00f3 sindical seccional; Rafael Zambrano, sub secretario sindical seccional; Edson Parra, secretario sindical parroquial; Leonel Albornoz, dirigente; Aracelis Prieto, dirigente; Mario Le\u00f3n, dirigente; Armando Villasmil, dirigente; Ra\u00fal Yancen, dirigente.<\/p>\n\n\n\n<p><strong>COMUNICADO DE AD ZULIA EN RESISTENCIA:<\/strong><br>\u00abNosotros, los abajo firmante, militantes y dirigentes del partido Acci\u00f3n Democr\u00e1tica en resistencia miembros del Buro Sindical Seccional, aclaramos y denunciamos ante la opini\u00f3n p\u00fablica la falsa, maliciosa y tendenciosa informaci\u00f3n publicada en las redes sociales y alg\u00fan portal informativo de la Web que dice en su comienzo: \u2018Mientras dirigentes del partido Acci\u00f3n Democr\u00e1tica han manifestado que no participar\u00e1n en las elecciones regionales y parlamentarias convocadas por el Consejo Nacional Electoral (CNE) para el pr\u00f3ximo 25 de mayo, estructuras de AD en Resistencia del Zulia anunciaron que s\u00ed van a participar en la contienda electoral\u2019.<\/p>\n\n\n\n<p>En dicha informaci\u00f3n se comete el grave error de mencionar nuestros nombres como coadyuvantes de ese hecho con el prop\u00f3sito de confundir a la opini\u00f3n p\u00fablica y a nuestra militancia en torno a la decisi\u00f3n tomada por el Comit\u00e9 Ejecutivo Nacional de Acci\u00f3n Democr\u00e1tica, liderado por Henry Ramos Allup, de no participar en las elecciones convocadas por el CNE para el pr\u00f3ximo 25 de mayo del a\u00f1o en curso.<\/p>\n\n\n\n<p>La informaci\u00f3n de marras fue elaborada aprovechando una reuni\u00f3n de trabajo queL realizamos el d\u00eda lunes 10 del presente mes de marzo en la Parroquia El Bajo, en la residencia del compa\u00f1ero Raul Yancen, Secretario de Organizaci\u00f3n de dicha Parroquia para tratar asuntos relacionados con la organizaci\u00f3n de nuestro partido al final de la cual tomamos una gr\u00e1fica donde aparecemos todos los mencionados al comienzo de este comunicado.<\/p>\n\n\n\n<p>La publicaci\u00f3n fue hecha con los m\u00e1s perversos fines y reiteramos con firmeza como dirigentes de AD en Resistencia el acatamiento a la l\u00ednea pol\u00edtica de nuestro partido establecida en un comunicado nacional a la opini\u00f3n p\u00fablica donde se deja bien claro que AD no participar\u00e1 en ese proceso convocado ilegalmente por el CNE.<\/p>\n\n\n\n<p>Eleisi Espina, secretario sindical seccional; Gilberto Torres, secretario Sindical Municipal San Francisco; Mercedes Luengo, bur\u00f3 sindical seccional; Ram\u00f3n Ala\u00f1a, bur\u00f3 sindical seccional; Rafael Zambrano, sub secretario sindical seccional; Edson Parra, secretario sindical parroquial; Leonel Albornoz, dirigente; Aracelis Prieto, dirigente; Mario Le\u00f3n, dirigente; Armando Villasmil, dirigente; Ra\u00fal Yancen, dirigente\u00bb.<br><strong><em>ET \/ Nota de Prensa<\/em><\/strong><\/p>\n","protected":false},"excerpt":{"rendered":"<p>ENTRE TORMENTAS. Integrantes del partido Acci\u00f3n Democr\u00e1tica (AD) \u00aben resistencia\u00bb del Zulia, emitieron durante la&#8230;<\/p>\n","protected":false},"author":2,"featured_media":14173,"comment_status":"closed","ping_status":"open","sticky":false,"template":"","format":"standard","meta":{"footnotes":""},"categories":[57,1],"tags":[],"class_list":["post-14172","post","type-post","status-publish","format-standard","has-post-thumbnail","hentry","category-actualidad","category-regionales"],"_links":{"self":[{"href":"https:\/\/entretormentas.com\/index.php?rest_route=\/wp\/v2\/posts\/14172","targetHints":{"allow":["GET"]}}],"collection":[{"href":"https:\/\/entretormentas.com\/index.php?rest_route=\/wp\/v2\/posts"}],"about":[{"href":"https:\/\/entretormentas.com\/index.php?rest_route=\/wp\/v2\/types\/post"}],"author":[{"embeddable":true,"href":"https:\/\/entretormentas.com\/index.php?rest_route=\/wp\/v2\/users\/2"}],"replies":[{"embeddable":true,"href":"https:\/\/entretormentas.com\/index.php?rest_route=%2Fwp%2Fv2%2Fcomments&post=14172"}],"version-history":[{"count":1,"href":"https:\/\/entretormentas.com\/index.php?rest_route=\/wp\/v2\/posts\/14172\/revisions"}],"predecessor-version":[{"id":14174,"href":"https:\/\/entretormentas.com\/index.php?rest_route=\/wp\/v2\/posts\/14172\/revisions\/14174"}],"wp:featuredmedia":[{"embeddable":true,"href":"https:\/\/entretormentas.com\/index.php?rest_route=\/wp\/v2\/media\/14173"}],"wp:attachment":[{"href":"https:\/\/entretormentas.com\/index.php?rest_route=%2Fwp%2Fv2%2Fmedia&parent=14172"}],"wp:term":[{"taxonomy":"category","embeddable":true,"href":"https:\/\/entretormentas.com\/index.php?rest_route=%2Fwp%2Fv2%2Fcategories&post=14172"},{"taxonomy":"post_tag","embeddable":true,"href":"https:\/\/entretormentas.com\/index.php?rest_route=%2Fwp%2Fv2%2Ftags&post=14172"}],"curies":[{"name":"wp","href":"https:\/\/api.w.org\/{rel}","templated":true}]}}