{"id":14175,"date":"2025-03-14T03:29:25","date_gmt":"2025-03-14T02:29:25","guid":{"rendered":"https:\/\/entretormentas.com\/?p=14175"},"modified":"2025-03-14T03:29:26","modified_gmt":"2025-03-14T02:29:26","slug":"por-la-oposicion-luis-ratti-se-lanza-como-candidato-a-la-gobernacion-del-zulia","status":"publish","type":"post","link":"https:\/\/entretormentas.com\/por-la-oposicion-luis-ratti-se-lanza-como-candidato-a-la-gobernacion-del-zulia\/","title":{"rendered":"\u00a1POR LA OPOSICI\u00d3N! Luis Ratti se lanza como candidato a la gobernaci\u00f3n del Zulia"},"content":{"rendered":"\n<p><strong>ENTRE TORMENTAS.<\/strong> Este jueves 13 de marzo, a trav\u00e9s de una entrevista con el periodista zuliano, Rafael Galicia, el pol\u00edtico Luis Ratti, afirmo que se lanza como candidato por la oposici\u00f3n a la gobernaci\u00f3n del estado Zulia.\u00a1POR LA OPOSICI\u00d3N! Luis Ratti se lanza como candidato a la gobernaci\u00f3n del Zulia.<\/p>\n\n\n\n<p>Ratti, afirm\u00f3 que: \u201cla pol\u00edtica venezolana es algo permanente, un movimiento que d\u00eda a d\u00eda hay que trabajar duro por Venezuela\u201d, de la misma forma aseguro que se debe hacer esfuerzos y unir fuerzas.<\/p>\n\n\n\n<p>\u201cPienso que una de las cosas que venimos nosotros se\u00f1alando en cuanto a decisiones que tomar, es hacer los esfuerzos para consolidar unidades pol\u00edticas, unidades reales o la incorporaci\u00f3n de dirigentes independientes de movimiento sociales, de organizaciones civiles, organizaciones pol\u00edticas y de factores regionales, liderazgos locales que de repente no son parte de ninguna organizaci\u00f3n pol\u00edtica y que son muy importantes en cada uno de los estados en este momento, en las elecciones que nos aproximamos este 25 de mayo\u201d<\/p>\n\n\n\n<p>Ratti asegur\u00f3 que: \u201cnosotros hemos decidido junto a las organizaciones civiles, la organizaci\u00f3n social, las conversaciones que estamos sosteniendo con todos los partidos pol\u00edticos, lanzar nuestro nombre a la candidatura a la gobernaci\u00f3n del estado Zulia, por la calle del medio\u201d.<\/p>\n\n\n\n<p>\u201cLo que vamos a presentarle al Zulia no es la candidatura de Luis Ratti, es un equipo, con organizaciones civiles, organizaciones pol\u00edticas, con movimientos sociales con las iglesias evang\u00e9licas, con la misma iglesia cat\u00f3lica, vamos a presentarle a el estado Zulia a los cargos de legisladores regionales, a los cargos de diputados a la Asamblea Nacional, el nombre nuestro a la gobernaci\u00f3n va a representar el nombre de los independientes, de los dem\u00f3cratas y nacionalistas del pa\u00eds\u201d.<\/p>\n\n\n\n<p>De la misma forma, expres\u00f3 su intenci\u00f3n de recuperar todo lo que se ha perdido durante los \u00faltimos 15 a\u00f1os: \u201cVamos a rescatar al Zulia del abandono del caos, del olvido, que podamos convertir al Zulia en la mejor regi\u00f3n del planeta, que podamos convertir al Zulia como el mejor estado, no solo del pa\u00eds, sino de Latinoam\u00e9rica y el mundo\u201d.<\/p>\n\n\n\n<p>Los partidos con los que ha conversado Ratti son:<br>Acci\u00f3n Democr\u00e1tica (Intervenido por el TSJ), Movimiento Republicano, Movimiento a la Integridad Nacional, Arepa y Voluntad Popular (Intervenido por el TSJ), entre otras organizaciones.<br><strong><em>ET \/ Versi\u00f3n Final<\/em><\/strong><\/p>\n","protected":false},"excerpt":{"rendered":"<p>ENTRE TORMENTAS. Este jueves 13 de marzo, a trav\u00e9s de una entrevista con el periodista&#8230;<\/p>\n","protected":false},"author":2,"featured_media":14179,"comment_status":"closed","ping_status":"open","sticky":false,"template":"","format":"standard","meta":{"footnotes":""},"categories":[57,1],"tags":[],"class_list":["post-14175","post","type-post","status-publish","format-standard","has-post-thumbnail","hentry","category-actualidad","category-regionales"],"_links":{"self":[{"href":"https:\/\/entretormentas.com\/index.php?rest_route=\/wp\/v2\/posts\/14175","targetHints":{"allow":["GET"]}}],"collection":[{"href":"https:\/\/entretormentas.com\/index.php?rest_route=\/wp\/v2\/posts"}],"about":[{"href":"https:\/\/entretormentas.com\/index.php?rest_route=\/wp\/v2\/types\/post"}],"author":[{"embeddable":true,"href":"https:\/\/entretormentas.com\/index.php?rest_route=\/wp\/v2\/users\/2"}],"replies":[{"embeddable":true,"href":"https:\/\/entretormentas.com\/index.php?rest_route=%2Fwp%2Fv2%2Fcomments&post=14175"}],"version-history":[{"count":1,"href":"https:\/\/entretormentas.com\/index.php?rest_route=\/wp\/v2\/posts\/14175\/revisions"}],"predecessor-version":[{"id":14180,"href":"https:\/\/entretormentas.com\/index.php?rest_route=\/wp\/v2\/posts\/14175\/revisions\/14180"}],"wp:featuredmedia":[{"embeddable":true,"href":"https:\/\/entretormentas.com\/index.php?rest_route=\/wp\/v2\/media\/14179"}],"wp:attachment":[{"href":"https:\/\/entretormentas.com\/index.php?rest_route=%2Fwp%2Fv2%2Fmedia&parent=14175"}],"wp:term":[{"taxonomy":"category","embeddable":true,"href":"https:\/\/entretormentas.com\/index.php?rest_route=%2Fwp%2Fv2%2Fcategories&post=14175"},{"taxonomy":"post_tag","embeddable":true,"href":"https:\/\/entretormentas.com\/index.php?rest_route=%2Fwp%2Fv2%2Ftags&post=14175"}],"curies":[{"name":"wp","href":"https:\/\/api.w.org\/{rel}","templated":true}]}}