{"id":14213,"date":"2025-03-15T11:45:35","date_gmt":"2025-03-15T10:45:35","guid":{"rendered":"https:\/\/entretormentas.com\/?p=14213"},"modified":"2025-03-15T11:45:36","modified_gmt":"2025-03-15T10:45:36","slug":"primera-dama-de-san-francisco-las-mujeres-no-estamos-hechas-solo-para-ejercer-los-roles-que-nos-asignaron","status":"publish","type":"post","link":"https:\/\/entretormentas.com\/primera-dama-de-san-francisco-las-mujeres-no-estamos-hechas-solo-para-ejercer-los-roles-que-nos-asignaron\/","title":{"rendered":"PRIMERA DAMA DE SAN FRANCISCO: \u00abLas mujeres no estamos hechas solo para ejercer los roles que nos asignaron\u00bb"},"content":{"rendered":"\n<p><strong>ENTRE TORMENTAS. <\/strong>Como parte de las celebraciones del mes de la mujer, la primera dama de San Francisco, Franciela N\u00fa\u00f1ez de Fern\u00e1ndez, conmemor\u00f3 esta fecha desde el municipio de Santa Rita, destacando la capacidad transformadora de las f\u00e9minas a lo largo de la historia en su intervenci\u00f3n como oradora de orden de la Sesi\u00f3n Solemne.<\/p>\n\n\n\n<p>En su discurso, N\u00fa\u00f1ez de Fern\u00e1ndez expres\u00f3 que aunque a las mujeres se les haya dicho a lo largo del tiempo que no pod\u00edan desempe\u00f1arse en \u00e1reas de poder destinadas para los hombres, asegur\u00f3: \u00abNo estamos hechas solo para ejercer los roles que nos asignaron. Hemos demostrado que somos capaces de ser madres, esposas, abuelas y, al mismo tiempo, conquistar nuestros sue\u00f1os profesionales\u00bb.<\/p>\n\n\n\n<p>\u00abLas mujeres somos testimonio de que la fortaleza y el amor no son opuestos, sino aliados. Nacimos para dar vida, transformar, construir, liderar y defender la igualdad. Asumimos el control de nuestro destino y, con ello, contribuimos a redefinir el rumbo de la sociedad. Lo hacemos sin renunciar a nuestra identidad; al contrario, la abrazamos con orgullo,\u00bb afirm\u00f3 N\u00fa\u00f1ez de Fern\u00e1ndez.<\/p>\n\n\n\n<figure class=\"wp-block-image size-large\"><img fetchpriority=\"high\" decoding=\"async\" width=\"1024\" height=\"680\" src=\"https:\/\/entretormentas.com\/wp-content\/uploads\/2025\/03\/image-266-1024x680.png\" alt=\"\" class=\"wp-image-14215\" srcset=\"https:\/\/entretormentas.com\/wp-content\/uploads\/2025\/03\/image-266-1024x680.png 1024w, https:\/\/entretormentas.com\/wp-content\/uploads\/2025\/03\/image-266-300x199.png 300w, https:\/\/entretormentas.com\/wp-content\/uploads\/2025\/03\/image-266-768x510.png 768w, https:\/\/entretormentas.com\/wp-content\/uploads\/2025\/03\/image-266.png 1280w\" sizes=\"(max-width: 1024px) 100vw, 1024px\" \/><\/figure>\n\n\n\n<p><strong>FUERZA FEMENINA<\/strong><br>A su vez, la primera dama de San Francisco enfatiz\u00f3 la importancia de la sororidad entre las mujeres: \u00abEl \u00e9xito de una es inspiraci\u00f3n para el resto de nosotras. Porque cuando una avanza, el mundo entero se mueve hacia adelante. Juntas, no hay reto que no podamos enfrentar, ni meta que no podamos alcanzar\u00bb, apunt\u00f3.<\/p>\n\n\n\n<p>De esta forma, exhort\u00f3 a la fuerza femenina a reconocer su valor: \u00abMis hermosas guerreras, conf\u00eden en ustedes mismas. Somos un s\u00edmbolo de resistencia, resiliencia, compasi\u00f3n y esperanza. Celebremos nuestro coraje y determinaci\u00f3n, pero sobre todo mantengamos viva la llama de nuestra lucha\u00bb, mencion\u00f3.<\/p>\n\n\n\n<p>El acto estuvo encabezado por la presidente del Concejo, Lizzi Echeto; el alcalde de Santa Rita, Alenis Guerrero; y miembros de la c\u00e1mara municipal. Adem\u00e1s, cont\u00f3 con la presencia de la primera dama de este municipio, Doriany Chirinos de Guerrero; as\u00ed como representantes de Valmore Rodr\u00edguez, Baralt y Cabimas, entre otros.<\/p>\n\n\n\n<p>Finalmente, Franciela N\u00fa\u00f1ez de Fern\u00e1ndez recibi\u00f3 un reconocimiento especial junto a m\u00e1s de 70 f\u00e9minas destacadas de la regi\u00f3n zuliana, como las primeras damas Doriany Chirinos de Guerrero, Margarita Mosquera y Marvelys P\u00e9rez; la concejal de San Francisco, Violeta Soto; Gabriela Hern\u00e1ndez, Secretaria de Promoci\u00f3n y Prevenci\u00f3n Ciudadana de la Gobernaci\u00f3n, junto a dem\u00e1s personalidades.<br><strong><em>ET \/ Alcald\u00eda de San Francisco<\/em><\/strong><\/p>\n\n\n\n<p><\/p>\n","protected":false},"excerpt":{"rendered":"<p>ENTRE TORMENTAS. Como parte de las celebraciones del mes de la mujer, la primera dama&#8230;<\/p>\n","protected":false},"author":2,"featured_media":14214,"comment_status":"closed","ping_status":"open","sticky":false,"template":"","format":"standard","meta":{"footnotes":""},"categories":[57,1],"tags":[],"class_list":["post-14213","post","type-post","status-publish","format-standard","has-post-thumbnail","hentry","category-actualidad","category-regionales"],"_links":{"self":[{"href":"https:\/\/entretormentas.com\/index.php?rest_route=\/wp\/v2\/posts\/14213","targetHints":{"allow":["GET"]}}],"collection":[{"href":"https:\/\/entretormentas.com\/index.php?rest_route=\/wp\/v2\/posts"}],"about":[{"href":"https:\/\/entretormentas.com\/index.php?rest_route=\/wp\/v2\/types\/post"}],"author":[{"embeddable":true,"href":"https:\/\/entretormentas.com\/index.php?rest_route=\/wp\/v2\/users\/2"}],"replies":[{"embeddable":true,"href":"https:\/\/entretormentas.com\/index.php?rest_route=%2Fwp%2Fv2%2Fcomments&post=14213"}],"version-history":[{"count":1,"href":"https:\/\/entretormentas.com\/index.php?rest_route=\/wp\/v2\/posts\/14213\/revisions"}],"predecessor-version":[{"id":14216,"href":"https:\/\/entretormentas.com\/index.php?rest_route=\/wp\/v2\/posts\/14213\/revisions\/14216"}],"wp:featuredmedia":[{"embeddable":true,"href":"https:\/\/entretormentas.com\/index.php?rest_route=\/wp\/v2\/media\/14214"}],"wp:attachment":[{"href":"https:\/\/entretormentas.com\/index.php?rest_route=%2Fwp%2Fv2%2Fmedia&parent=14213"}],"wp:term":[{"taxonomy":"category","embeddable":true,"href":"https:\/\/entretormentas.com\/index.php?rest_route=%2Fwp%2Fv2%2Fcategories&post=14213"},{"taxonomy":"post_tag","embeddable":true,"href":"https:\/\/entretormentas.com\/index.php?rest_route=%2Fwp%2Fv2%2Ftags&post=14213"}],"curies":[{"name":"wp","href":"https:\/\/api.w.org\/{rel}","templated":true}]}}