{"id":14217,"date":"2025-03-15T11:50:07","date_gmt":"2025-03-15T10:50:07","guid":{"rendered":"https:\/\/entretormentas.com\/?p=14217"},"modified":"2025-03-15T11:50:08","modified_gmt":"2025-03-15T10:50:08","slug":"junto-a-los-vecinos-alcaldia-de-san-francisco-anuncia-nuevo-sistema-de-recoleccion-de-desechos-en-el-complejo-el-sol","status":"publish","type":"post","link":"https:\/\/entretormentas.com\/junto-a-los-vecinos-alcaldia-de-san-francisco-anuncia-nuevo-sistema-de-recoleccion-de-desechos-en-el-complejo-el-sol\/","title":{"rendered":"\u00a1JUNTO A LOS VECINOS! Alcald\u00eda de San Francisco anuncia nuevo sistema de recolecci\u00f3n de desechos en el Complejo El Sol"},"content":{"rendered":"\n<p><strong>ENTRE TORMENTAS.<\/strong> Con el prop\u00f3sito de concientizar a los vecinos sobre el bote y uso correcto de los residuos, el equipo del Instituto P\u00fablico Municipal de Ambiente y Aseo Urbano, la gerencia de prevenci\u00f3n y seguridad ciudadana, la direcci\u00f3n de plazas y parques, la secretar\u00eda parroquial, junto a la concejal Violeta Soto de Le\u00f3n, se realiz\u00f3 una jornada de organizaci\u00f3n vecinal en el sector Para\u00edso El Sol, en la parroquia San Francisco.<\/p>\n\n\n\n<p>Carlos Calles, presidente de Imasur, inform\u00f3 que para garantizar una adecuada y eficiente recolecci\u00f3n, pr\u00f3ximamente se estar\u00e1n donando recipientes (pipas) y bolsas pl\u00e1sticas en los 260 apartamentos que componen el complejo, en los sectores Ciudad El Sol, Para\u00edso El Sol y los bloques rojos, los cuales aglutinan a un aproximado de 9 mil habitantes, que generan un promedio de 0.60 kilogramos de desechos por persona, lo que se traduce en una acumulaci\u00f3n de casi seis toneladas diarias.<\/p>\n\n\n\n<figure class=\"wp-block-image size-large\"><img fetchpriority=\"high\" decoding=\"async\" width=\"1024\" height=\"680\" src=\"https:\/\/entretormentas.com\/wp-content\/uploads\/2025\/03\/image-268-1024x680.png\" alt=\"\" class=\"wp-image-14219\" srcset=\"https:\/\/entretormentas.com\/wp-content\/uploads\/2025\/03\/image-268-1024x680.png 1024w, https:\/\/entretormentas.com\/wp-content\/uploads\/2025\/03\/image-268-300x199.png 300w, https:\/\/entretormentas.com\/wp-content\/uploads\/2025\/03\/image-268-768x510.png 768w, https:\/\/entretormentas.com\/wp-content\/uploads\/2025\/03\/image-268.png 1280w\" sizes=\"(max-width: 1024px) 100vw, 1024px\" \/><\/figure>\n\n\n\n<p>Javier Solano, director de aseo urbano y domiciliario, manifest\u00f3 que por tratarse de edificios, los usuarios no pueden permanecer mucho tiempo con la basura, por lo que anunci\u00f3 que con estas nuevas medidas, la frecuencia de recolecci\u00f3n ser\u00e1 interdiario, es decir lunes, mi\u00e9rcoles, viernes y domingos.<\/p>\n\n\n\n<p>\u00abVamos a sanear nuevamente los espacios que en reiteradas ocasiones han sido recuperados. Le pedimos a los ciudadanos de bien, evitar crear vertederos a cielo abierto, esto le ocasiona un problema a la municipalidad, pero afecta directamente a las comunidades. Entre la alcald\u00eda, los vecinos y seguridad ciudadana, lograremos ganarle la batalla a la basura\u00bb, inform\u00f3 Solano.<\/p>\n\n\n\n<p>El alcalde Gustavo Fern\u00e1ndez contin\u00faa haciendo grandes esfuerzos y utilizando todas los mecanismos necesarios para convertir a San Francisco en el municipio m\u00e1s limpio del occidente del pa\u00eds, como prioridad durante este 2025.<br><strong><em>ET \/ Alcald\u00eda de San Francisco<\/em><\/strong><\/p>\n","protected":false},"excerpt":{"rendered":"<p>ENTRE TORMENTAS. Con el prop\u00f3sito de concientizar a los vecinos sobre el bote y uso&#8230;<\/p>\n","protected":false},"author":2,"featured_media":14218,"comment_status":"closed","ping_status":"open","sticky":false,"template":"","format":"standard","meta":{"footnotes":""},"categories":[57,1],"tags":[],"class_list":["post-14217","post","type-post","status-publish","format-standard","has-post-thumbnail","hentry","category-actualidad","category-regionales"],"_links":{"self":[{"href":"https:\/\/entretormentas.com\/index.php?rest_route=\/wp\/v2\/posts\/14217","targetHints":{"allow":["GET"]}}],"collection":[{"href":"https:\/\/entretormentas.com\/index.php?rest_route=\/wp\/v2\/posts"}],"about":[{"href":"https:\/\/entretormentas.com\/index.php?rest_route=\/wp\/v2\/types\/post"}],"author":[{"embeddable":true,"href":"https:\/\/entretormentas.com\/index.php?rest_route=\/wp\/v2\/users\/2"}],"replies":[{"embeddable":true,"href":"https:\/\/entretormentas.com\/index.php?rest_route=%2Fwp%2Fv2%2Fcomments&post=14217"}],"version-history":[{"count":1,"href":"https:\/\/entretormentas.com\/index.php?rest_route=\/wp\/v2\/posts\/14217\/revisions"}],"predecessor-version":[{"id":14220,"href":"https:\/\/entretormentas.com\/index.php?rest_route=\/wp\/v2\/posts\/14217\/revisions\/14220"}],"wp:featuredmedia":[{"embeddable":true,"href":"https:\/\/entretormentas.com\/index.php?rest_route=\/wp\/v2\/media\/14218"}],"wp:attachment":[{"href":"https:\/\/entretormentas.com\/index.php?rest_route=%2Fwp%2Fv2%2Fmedia&parent=14217"}],"wp:term":[{"taxonomy":"category","embeddable":true,"href":"https:\/\/entretormentas.com\/index.php?rest_route=%2Fwp%2Fv2%2Fcategories&post=14217"},{"taxonomy":"post_tag","embeddable":true,"href":"https:\/\/entretormentas.com\/index.php?rest_route=%2Fwp%2Fv2%2Ftags&post=14217"}],"curies":[{"name":"wp","href":"https:\/\/api.w.org\/{rel}","templated":true}]}}