{"id":14236,"date":"2025-03-15T12:05:30","date_gmt":"2025-03-15T11:05:30","guid":{"rendered":"https:\/\/entretormentas.com\/?p=14236"},"modified":"2025-03-15T12:05:31","modified_gmt":"2025-03-15T11:05:31","slug":"por-problemas-climaticos-reprograman-vuelo-de-migrantes-que-llegaria-al-pais-este-viernes-desde-eeuu","status":"publish","type":"post","link":"https:\/\/entretormentas.com\/por-problemas-climaticos-reprograman-vuelo-de-migrantes-que-llegaria-al-pais-este-viernes-desde-eeuu\/","title":{"rendered":"\u00a1POR PROBLEMAS CLIM\u00c1TICOS! Reprograman vuelo de migrantes que llegar\u00eda al pa\u00eds este viernes desde EEUU"},"content":{"rendered":"\n<p><strong>ENTRE TORMENTAS. <\/strong>El vicepresidente sectorial de Pol\u00edtica, Seguridad Ciudadana y Paz, Diosdado Cabello Rond\u00f3n, se\u00f1al\u00f3 en su programa radial Sin Truco ni Ma\u00f1a, que fue reprogramado el vuelo del Plan Vuelta a la Patria, que arribar\u00eda este viernes al pa\u00eds, por motivos clim\u00e1ticos de los Estados Unidos.<\/p>\n\n\n\n<p>En este sentido, Cabello manifest\u00f3: \u00abNo se reanudan hoy porque ellos anunciaron que tienen un problema all\u00e1 clim\u00e1tico y va a haber restricci\u00f3n de vuelo, entonces estamos esperando a que ellos digan si ser\u00e1 ma\u00f1ana, el domingo, o cuando\u00bb.<\/p>\n\n\n\n<p>El tambi\u00e9n ministro de Relaciones Interiores, Justicia y Paz resalt\u00f3 el mensaje compartido por Richard Grenell en sus redes sociales donde expres\u00f3 que le complace anunciar que Venezuela ha acordado reanudar los vuelos para recoger a sus ciudadanos que entraron ilegalmente a Estados Unidos. Para Cabello el hecho de usar el t\u00e9rmino \u00abciudadanos\u00bb denota una relaci\u00f3n de respeto.<\/p>\n\n\n\n<p>\u00abPor primera vez no lo llaman delincuentes, terroristas del tren de Aragua, porque nosotros hemos reclamado esto de manera formal y p\u00fablicamente. A alguien est\u00e1n enga\u00f1ando o est\u00e1n tratando de enga\u00f1ar en Estados Unidos\u00bb, recalc\u00f3 Cabello.<\/p>\n\n\n\n<p>Asimismo, indic\u00f3 que hay un grupo de la ultraderecha que \u00able dicen al presidente de Estados Unidos que todos son del Tren de Aragua y cuando revisamos sus antecedentes aqu\u00ed no es cierto, afortunadamente ya las cosas se est\u00e1n poniendo en su lugar\u00bb.<br><strong><em>ET \/ Agencias<\/em><\/strong><\/p>\n\n\n\n<p><\/p>\n","protected":false},"excerpt":{"rendered":"<p>ENTRE TORMENTAS. El vicepresidente sectorial de Pol\u00edtica, Seguridad Ciudadana y Paz, Diosdado Cabello Rond\u00f3n, se\u00f1al\u00f3&#8230;<\/p>\n","protected":false},"author":2,"featured_media":14237,"comment_status":"closed","ping_status":"open","sticky":false,"template":"","format":"standard","meta":{"footnotes":""},"categories":[56,49],"tags":[],"class_list":["post-14236","post","type-post","status-publish","format-standard","has-post-thumbnail","hentry","category-destacadas","category-nacionales"],"_links":{"self":[{"href":"https:\/\/entretormentas.com\/index.php?rest_route=\/wp\/v2\/posts\/14236","targetHints":{"allow":["GET"]}}],"collection":[{"href":"https:\/\/entretormentas.com\/index.php?rest_route=\/wp\/v2\/posts"}],"about":[{"href":"https:\/\/entretormentas.com\/index.php?rest_route=\/wp\/v2\/types\/post"}],"author":[{"embeddable":true,"href":"https:\/\/entretormentas.com\/index.php?rest_route=\/wp\/v2\/users\/2"}],"replies":[{"embeddable":true,"href":"https:\/\/entretormentas.com\/index.php?rest_route=%2Fwp%2Fv2%2Fcomments&post=14236"}],"version-history":[{"count":1,"href":"https:\/\/entretormentas.com\/index.php?rest_route=\/wp\/v2\/posts\/14236\/revisions"}],"predecessor-version":[{"id":14238,"href":"https:\/\/entretormentas.com\/index.php?rest_route=\/wp\/v2\/posts\/14236\/revisions\/14238"}],"wp:featuredmedia":[{"embeddable":true,"href":"https:\/\/entretormentas.com\/index.php?rest_route=\/wp\/v2\/media\/14237"}],"wp:attachment":[{"href":"https:\/\/entretormentas.com\/index.php?rest_route=%2Fwp%2Fv2%2Fmedia&parent=14236"}],"wp:term":[{"taxonomy":"category","embeddable":true,"href":"https:\/\/entretormentas.com\/index.php?rest_route=%2Fwp%2Fv2%2Fcategories&post=14236"},{"taxonomy":"post_tag","embeddable":true,"href":"https:\/\/entretormentas.com\/index.php?rest_route=%2Fwp%2Fv2%2Ftags&post=14236"}],"curies":[{"name":"wp","href":"https:\/\/api.w.org\/{rel}","templated":true}]}}