{"id":14246,"date":"2025-03-15T12:17:03","date_gmt":"2025-03-15T11:17:03","guid":{"rendered":"https:\/\/entretormentas.com\/?p=14246"},"modified":"2025-03-15T12:17:04","modified_gmt":"2025-03-15T11:17:04","slug":"extraoficial-detienen-a-otros-dos-alcaldes-chavistas-del-zulia-presuntamente-vinculados-a-trama-de-narcotrafico","status":"publish","type":"post","link":"https:\/\/entretormentas.com\/extraoficial-detienen-a-otros-dos-alcaldes-chavistas-del-zulia-presuntamente-vinculados-a-trama-de-narcotrafico\/","title":{"rendered":"\u00a1EXTRAOFICIAL! Detienen a otros dos alcaldes chavistas del Zulia presuntamente vinculados a trama de narcotr\u00e1fico"},"content":{"rendered":"\n<p><strong>ENTRE TORMENTAS.<\/strong> Extraoficialmente se conoci\u00f3 que otros dos alcaldes del Zulia habr\u00edan sido detenidos en las \u00faltimas horas. Estas detenciones se suma a la de los alcaldes de los municipios Miranda y Padilla, confirmada por el vicepresidente sectorial de Pol\u00edtica, Seguridad Ciudadana y Paz, Diosdado Cabello, este viernes en rueda de prensa.<\/p>\n\n\n\n<figure class=\"wp-block-image size-large\"><img fetchpriority=\"high\" decoding=\"async\" width=\"1024\" height=\"738\" src=\"https:\/\/entretormentas.com\/wp-content\/uploads\/2025\/03\/image-283-1024x738.png\" alt=\"\" class=\"wp-image-14248\" srcset=\"https:\/\/entretormentas.com\/wp-content\/uploads\/2025\/03\/image-283-1024x738.png 1024w, https:\/\/entretormentas.com\/wp-content\/uploads\/2025\/03\/image-283-300x216.png 300w, https:\/\/entretormentas.com\/wp-content\/uploads\/2025\/03\/image-283-768x553.png 768w, https:\/\/entretormentas.com\/wp-content\/uploads\/2025\/03\/image-283.png 1080w\" sizes=\"(max-width: 1024px) 100vw, 1024px\" \/><\/figure>\n\n\n\n<p>A las 7:00 de la noche de este viernes 14 de marzo se confirm\u00f3, por fuentes relacionadas al caso, sobre la captura del alcalde perteneciente al Partido Socialista Unido de Venezuela (Psuv), Danilo \u00c1\u00f1ez, del municipio Jes\u00fas Enrique Lossada, cuyo arresto se habr\u00eda ejecutado por fuerzas de seguridad del Estado, en una vivienda ubicada al norte de Maracaibo.<\/p>\n\n\n\n<p>La acci\u00f3n tendr\u00eda vinculaci\u00f3n con la trama de narcotraficantes y el decomiso de cinco toneladas de coca\u00edna, en el Zulia, denunciada por el ministro Cabello.<\/p>\n\n\n\n<figure class=\"wp-block-image size-full\"><img decoding=\"async\" width=\"720\" height=\"512\" src=\"https:\/\/entretormentas.com\/wp-content\/uploads\/2025\/03\/image-284.png\" alt=\"\" class=\"wp-image-14249\" srcset=\"https:\/\/entretormentas.com\/wp-content\/uploads\/2025\/03\/image-284.png 720w, https:\/\/entretormentas.com\/wp-content\/uploads\/2025\/03\/image-284-300x213.png 300w\" sizes=\"(max-width: 720px) 100vw, 720px\" \/><\/figure>\n\n\n\n<p>El columnista \u00c1ngel Monagas tambi\u00e9n lo rese\u00f1\u00f3 en su cuenta de X la noche de este viernes y agreg\u00f3 que el Alcalde del muncipio Jes\u00fas Mar\u00eda Sempr\u00fan, Dario D\u00edaz, tambi\u00e9n fue detenido por las mismas causas de los otros burgomaestres chavistas.<\/p>\n\n\n\n<p>Se espera que en las pr\u00f3ximas horas se puedan conocer los nombres de personas relacionadas con la trama de narcotr\u00e1fico develada por Cabello este viernes.<br><strong><em>ET \/ Versi\u00f3n Final<\/em><\/strong><\/p>\n","protected":false},"excerpt":{"rendered":"<p>ENTRE TORMENTAS. Extraoficialmente se conoci\u00f3 que otros dos alcaldes del Zulia habr\u00edan sido detenidos en&#8230;<\/p>\n","protected":false},"author":2,"featured_media":14247,"comment_status":"closed","ping_status":"open","sticky":false,"template":"","format":"standard","meta":{"footnotes":""},"categories":[56,49],"tags":[],"class_list":["post-14246","post","type-post","status-publish","format-standard","has-post-thumbnail","hentry","category-destacadas","category-nacionales"],"_links":{"self":[{"href":"https:\/\/entretormentas.com\/index.php?rest_route=\/wp\/v2\/posts\/14246","targetHints":{"allow":["GET"]}}],"collection":[{"href":"https:\/\/entretormentas.com\/index.php?rest_route=\/wp\/v2\/posts"}],"about":[{"href":"https:\/\/entretormentas.com\/index.php?rest_route=\/wp\/v2\/types\/post"}],"author":[{"embeddable":true,"href":"https:\/\/entretormentas.com\/index.php?rest_route=\/wp\/v2\/users\/2"}],"replies":[{"embeddable":true,"href":"https:\/\/entretormentas.com\/index.php?rest_route=%2Fwp%2Fv2%2Fcomments&post=14246"}],"version-history":[{"count":1,"href":"https:\/\/entretormentas.com\/index.php?rest_route=\/wp\/v2\/posts\/14246\/revisions"}],"predecessor-version":[{"id":14250,"href":"https:\/\/entretormentas.com\/index.php?rest_route=\/wp\/v2\/posts\/14246\/revisions\/14250"}],"wp:featuredmedia":[{"embeddable":true,"href":"https:\/\/entretormentas.com\/index.php?rest_route=\/wp\/v2\/media\/14247"}],"wp:attachment":[{"href":"https:\/\/entretormentas.com\/index.php?rest_route=%2Fwp%2Fv2%2Fmedia&parent=14246"}],"wp:term":[{"taxonomy":"category","embeddable":true,"href":"https:\/\/entretormentas.com\/index.php?rest_route=%2Fwp%2Fv2%2Fcategories&post=14246"},{"taxonomy":"post_tag","embeddable":true,"href":"https:\/\/entretormentas.com\/index.php?rest_route=%2Fwp%2Fv2%2Ftags&post=14246"}],"curies":[{"name":"wp","href":"https:\/\/api.w.org\/{rel}","templated":true}]}}