{"id":14263,"date":"2025-03-17T09:09:49","date_gmt":"2025-03-17T08:09:49","guid":{"rendered":"https:\/\/entretormentas.com\/?p=14263"},"modified":"2025-03-17T09:09:50","modified_gmt":"2025-03-17T08:09:50","slug":"los-que-llegaron-al-zulia-y-se-quedaron-ix-en-barranquilla-se-enamoro-de-la-ensenanza-y-en-maracaibo-desarrollo-64-anos-de-su-carrera","status":"publish","type":"post","link":"https:\/\/entretormentas.com\/los-que-llegaron-al-zulia-y-se-quedaron-ix-en-barranquilla-se-enamoro-de-la-ensenanza-y-en-maracaibo-desarrollo-64-anos-de-su-carrera\/","title":{"rendered":"\u00a1LOS QUE LLEGARON AL ZULIA Y SE QUEDARON IX! En Barranquilla se enamor\u00f3 de la ense\u00f1anza y en Maracaibo desarroll\u00f3 64 a\u00f1os de su carrera"},"content":{"rendered":"\n<p><strong><em>Un flechazo de \u00abCupido\u00bb directo a su coraz\u00f3n fue el responsable de que Mar\u00eda del Socorro Guti\u00e9rrez Florez, uniera su destino con un \u00abmaracucho\u00bb, Vinicio Andrade Bravo (+), con quien procre\u00f3 cuatro hijos, Jackeline, Vinicio, Ra\u00fal y Mar\u00eda Lourdes, quienes han ampliado la familia con la llegada de diez nietos<\/em><\/strong><\/p>\n\n\n\n<p><strong>ENTRE TORMENTAS.<\/strong> Cuando le tocaba asistir al colegio propiedad de sus padres, Pedro Guti\u00e9rrez Valera (+) y Mar\u00eda del Socorro Florez (+) en la ciudad de Barranquilla, departamento del Atl\u00e1ntico, Colombia, en lo m\u00e1s profundo de su ser iba despert\u00e1ndose poco a poco la pasi\u00f3n por la ense\u00f1anza que ha seguido desarrollando en la capital del estado Zulia, desde su llegada a la \u00abTierra del Sol Amada\u00bb que siente como propia.<\/p>\n\n\n\n<p>Mar\u00eda del Socorro Guti\u00e9rrez Florez de 84 a\u00f1os de edad, (v) de Vinicio Andrade Bravo, conocida por los alumnos como la \u00abprofesora Mar\u00eda\u00bb, cuando asist\u00eda a \u00abecharle una mano\u00bb en cualquier actividad que aligerara la carga laboral de sus padres, nunca imaginar\u00eda ni estaba en sus planes, que un d\u00eda llegar\u00eda a tener su residencia en Maracaibo, donde ha sembrado su vida, tiene sus afectos y dejar\u00e1 una huella de su paso terrenal en su segunda patria.<\/p>\n\n\n\n<figure class=\"wp-block-image size-large\"><img fetchpriority=\"high\" decoding=\"async\" width=\"1024\" height=\"768\" src=\"https:\/\/entretormentas.com\/wp-content\/uploads\/2025\/03\/image-290-1024x768.png\" alt=\"\" class=\"wp-image-14265\" srcset=\"https:\/\/entretormentas.com\/wp-content\/uploads\/2025\/03\/image-290-1024x768.png 1024w, https:\/\/entretormentas.com\/wp-content\/uploads\/2025\/03\/image-290-300x225.png 300w, https:\/\/entretormentas.com\/wp-content\/uploads\/2025\/03\/image-290-768x576.png 768w, https:\/\/entretormentas.com\/wp-content\/uploads\/2025\/03\/image-290.png 1080w\" sizes=\"(max-width: 1024px) 100vw, 1024px\" \/><figcaption class=\"wp-element-caption\"><strong>Cuando los primeros pasos que permitieron el nacimiento del Colegio Col\u00f3n, la matr\u00edcula era de 60 ni\u00f1os en la \u00abescuelita\u00bb. Hoy m\u00e1s de 300 ni\u00f1os y j\u00f3venes se forman en esta prestigiosa instituci\u00f3n de Maracaibo.<\/strong> <strong>(Fotos: Euclides Molleda)<\/strong><\/figcaption><\/figure>\n\n\n\n<p>Ella es la protagonista de esta IX entrega de la cr\u00f3nica Los Que Llegaron al Zulia y se Quedaron. Su historia es la de miles de inmigrantes que un d\u00eda llegaron de Europa, Asia, Suram\u00e9rica o del mundo \u00e1rabe a la tierra del Libertador Sim\u00f3n Bol\u00edvar y de su leal amigo, \u00abGeneral Rafael Urdaneta Far\u00edas\u00bb, muy queridos y respetados asimismo en Colombia, donde son tambi\u00e9n pr\u00f3ceres de la libertad de la Am\u00e9rica Latina.<\/p>\n\n\n\n<p><strong>UN MARACUCHO FLECH\u00d3 SU CORAZ\u00d3N<\/strong><br>Un flechazo de \u00abCupido\u00bb directo a su coraz\u00f3n fue el responsable que uniera su destino con un \u00abmaracucho\u00bb, Vinicio Andrade Bravo (+), con quien procre\u00f3 cuatro hijos, Jackeline, Vinicio, Ra\u00fal y Mar\u00eda Lourdes, quienes han ampliado la familia con la llegada de diez nietos.<\/p>\n\n\n\n<p>En su Barranquilla natal, Mar\u00eda del Socorro Guti\u00e9rrez Florez, era una joven din\u00e1mica, activa y dedicada a seguir los pasos de sus padres educadores, estudiando y form\u00e1ndose en la carrera docente que termin\u00f3 exitosamente. En esa \u00e9poca, d\u00e9cadas del 1.950 y 1.960, muchas familias venezolanas ten\u00edan por costumbre enviar a Colombia a sus hijos a estudiar. La educaci\u00f3n era, en ese entonces, calificada de muy alta gama en ese pa\u00eds hermano.<\/p>\n\n\n\n<figure class=\"wp-block-image size-large\"><img decoding=\"async\" width=\"1024\" height=\"768\" src=\"https:\/\/entretormentas.com\/wp-content\/uploads\/2025\/03\/image-291-1024x768.png\" alt=\"\" class=\"wp-image-14266\" srcset=\"https:\/\/entretormentas.com\/wp-content\/uploads\/2025\/03\/image-291-1024x768.png 1024w, https:\/\/entretormentas.com\/wp-content\/uploads\/2025\/03\/image-291-300x225.png 300w, https:\/\/entretormentas.com\/wp-content\/uploads\/2025\/03\/image-291-768x576.png 768w, https:\/\/entretormentas.com\/wp-content\/uploads\/2025\/03\/image-291.png 1080w\" sizes=\"(max-width: 1024px) 100vw, 1024px\" \/><figcaption class=\"wp-element-caption\"><strong>El terreno donde alguna vez existi\u00f3 un hato dedicado a la crianza de animales y a cosechar frutas, hoy es la casa del saber de ni\u00f1os y j\u00f3venes de distintas zonas de la ciudad.<\/strong><\/figcaption><\/figure>\n\n\n\n<p>En esa migraci\u00f3n estudiantil lleg\u00f3 a Barranquilla, el joven Vinicio Andrade Bravo, lleno de sue\u00f1os y metas porque iba a terminar el bachillerato y a formarse en seis a\u00f1os como qu\u00edmico farmac\u00e9utico en la Universidad del Atl\u00e1ntico. Por cosas o no del destino Andrade Bravo conoci\u00f3 a Pedro Guti\u00e9rrez Florez, hijo mayor de Pedro Guti\u00e9rrez Valera (+) y Mar\u00eda del Socorro Florez (+).<\/p>\n\n\n\n<p>Esa relaci\u00f3n sell\u00f3 una amistad de a\u00f1os, entre Pedro y Vinicio, quienes ya se hab\u00edan conocido en Maracaibo. Fue el v\u00ednculo, el nudo bien amarrado, que le permiti\u00f3 al venezolano conocer a su futura esposa. A Mar\u00eda del Socorro Guti\u00e9rrez Florez, la primera impresi\u00f3n que le caus\u00f3 Vinicio Andrade Bravo no le agrad\u00f3 mucho.<\/p>\n\n\n\n<p>No le gustaba a primera vista su manera de ser. Aunque siempre lo caracteriz\u00f3 ser una persona de rostro muy serio, circunspecto, en la intimidad de la familia o entre sus amigos, sus ocurrencias llamaban la atenci\u00f3n de cualquiera y se convert\u00eda en el centro de las miradas. Pose\u00eda esa caracter\u00edstica muy arraigada en muchos de los nacidos en el estado Zulia.<\/p>\n\n\n\n<p>Ese error del pretendiente venezolano, &#8211;decidido a conquistar su amor&#8211; le hizo entender que estaba equivocado, no le conven\u00eda y busc\u00f3 cambiar la estrategia para poder ganarse a la agraciada barranquillera. Ella, &#8211;recuerda sonriendo&#8211;, que su hermano Pedro ten\u00eda otros cuatro amigos estudiantes de origen \u00abmaracucho\u00bb, quienes tambi\u00e9n buscaban enamorarla y ganar la apuesta.<\/p>\n\n\n\n<p>No obstante, Vinicio era quien m\u00e1s quedaba delatado y no disimulaba su amor a primera vista. Un d\u00eda, el hermano mayor organiz\u00f3 un almuerzo en la casa de sus padres, invitando a sus amigos. Pedro, ya intu\u00eda que alguno de ellos, iba a ser su cu\u00f1ado y entrar\u00eda por la puerta grande a la familia. El encuentro ten\u00eda una cierta picard\u00eda de una broma, especie de sana apuesta para ver cual lograba despertar el inter\u00e9s de la joven.<\/p>\n\n\n\n<figure class=\"wp-block-image size-large\"><img decoding=\"async\" width=\"1024\" height=\"768\" src=\"https:\/\/entretormentas.com\/wp-content\/uploads\/2025\/03\/image-292-1024x768.png\" alt=\"\" class=\"wp-image-14267\" srcset=\"https:\/\/entretormentas.com\/wp-content\/uploads\/2025\/03\/image-292-1024x768.png 1024w, https:\/\/entretormentas.com\/wp-content\/uploads\/2025\/03\/image-292-300x225.png 300w, https:\/\/entretormentas.com\/wp-content\/uploads\/2025\/03\/image-292-768x576.png 768w, https:\/\/entretormentas.com\/wp-content\/uploads\/2025\/03\/image-292.png 1080w\" sizes=\"(max-width: 1024px) 100vw, 1024px\" \/><figcaption class=\"wp-element-caption\"><strong>Mar\u00eda del Socorro Guti\u00e9rrez Florez, ha sido una mujer visionaria que ha dedicado su existencia a educar y formar en valores ciudadanos y religiosos, a cientos de zulianos en el mismo lugar de un sue\u00f1o que hizo realidad.<\/strong><\/figcaption><\/figure>\n\n\n\n<p>Su hermano, quiz\u00e1 pensando que el divertido reto podr\u00eda no gustarle a su hermana menor, no le qued\u00f3 otra salida que decirle la verdad. Ella se indign\u00f3 al saber la noticia, pero Pedro no hizo lo mismo en alertar a los invitados. El anfitri\u00f3n y sus amigos degustaron una suculenta comida y disfrutaron una excelente velada, sin conocerse que la broma hab\u00eda sido develada.<\/p>\n\n\n\n<p>\u00abYo estaba inc\u00f3moda, pero el que sigui\u00f3 perseverando fue el que se cas\u00f3 conmigo\u00bb, asegura. Pasados algunos meses formalizaron el noviazgo, se casaron y unieron sus vidas durante 23 a\u00f1os. Luego, por desavenencias que suceden en los matrimonios, decidieron separarse, divorciarse y continuar una amistad hasta el fallecimiento de Vinicio Andrade Bravo seis a\u00f1os despu\u00e9s.<\/p>\n\n\n\n<p><strong>LA XENOFOBIA LE ATERRABA<\/strong><br>La profesora Mar\u00eda del Socorro Guti\u00e9rrez Florez dice recordar que despu\u00e9s de contraer nupcias en Barranquilla y de tener a su primera descendiente, Jackeline, viajan a Maracaibo y viven por un tiempo en la casa de sus suegros en el sector Sabaneta.<\/p>\n\n\n\n<p>\u00abSoy la menor de cuatro hermanos. Ayud\u00e9 mucho a mi pap\u00e1 cuando, por ejemplo, necesitaba una secretaria r\u00e1pida para hacer boletines y otras cosas en el colegio. Me met\u00ed mucho en eso, me encant\u00f3. Aqu\u00ed quise hacer lo mismo por una cuesti\u00f3n que era muy sentimental. Resulta que en ese tiempo que vine sent\u00eda mucha xenofobia contra los colombianos. No me atrev\u00eda ni siquiera a hablar. Me daba temor que me fueran a faltar el respeto.<\/p>\n\n\n\n<p><strong>\u00bfPOR SU ACENTO?<\/strong><br>\u00abNo, no porque el acento se siente m\u00e1s en las personas de los pueblos. Siempre estuve en la ciudad y no tuve problema. La xenofobia me dol\u00eda much\u00edsimo, entonces pens\u00e9 en hacer un colegio para demostrar la cultura de mi pa\u00eds. Cuando vine era docente normalista, hice la rev\u00e1lida y aqu\u00ed para ser directora me inscrib\u00ed en la Universidad Cecilio Acosta y me gradu\u00e9 en la licenciatura\u00bb.<\/p>\n\n\n\n<p><strong>SU ESCUELA EN VENEZUELA<\/strong><br>Su sue\u00f1o, que permanec\u00eda en modo pausa durante un tiempo, era dirigir su propio centro de ense\u00f1anza en su nueva patria. Cada vez estaba m\u00e1s cerca de realizarlo. Una enfermedad de su hija, Jackeline, oblig\u00f3 a los esposos a buscar ayuda m\u00e9dica en Maracaibo. La permanencia se prolong\u00f3 en el tiempo y la pasi\u00f3n por la ense\u00f1anza volvi\u00f3 a despertarse.<\/p>\n\n\n\n<p>Revela que \u00abmi esposo habla con su hermano Rafael y le dice que hab\u00eda un se\u00f1or que estaba vendiendo una hacienda. Era un se\u00f1or alcoh\u00f3lico. La estaba vendiendo econ\u00f3micamente, porque en realidad no hab\u00eda mucho dinero. Aprovecharon, la compraron y Vinicio se dedic\u00f3 a la hacienda, porque Rafael ten\u00eda su cl\u00ednica. Le ped\u00ed a Vinicio que me hiciera una casa grande. Ya ten\u00eda la idea de un colegio o una escuelita y as\u00ed comenc\u00e9.<\/p>\n\n\n\n<figure class=\"wp-block-image size-large\"><img loading=\"lazy\" decoding=\"async\" width=\"1024\" height=\"552\" src=\"https:\/\/entretormentas.com\/wp-content\/uploads\/2025\/03\/image-293-1024x552.png\" alt=\"\" class=\"wp-image-14268\" srcset=\"https:\/\/entretormentas.com\/wp-content\/uploads\/2025\/03\/image-293-1024x552.png 1024w, https:\/\/entretormentas.com\/wp-content\/uploads\/2025\/03\/image-293-300x162.png 300w, https:\/\/entretormentas.com\/wp-content\/uploads\/2025\/03\/image-293-768x414.png 768w, https:\/\/entretormentas.com\/wp-content\/uploads\/2025\/03\/image-293.png 1080w\" sizes=\"(max-width: 1024px) 100vw, 1024px\" \/><figcaption class=\"wp-element-caption\">\u00abCada a\u00f1o ten\u00edamos m\u00e1s y m\u00e1s <strong>ni\u00f1itos. Era el a\u00f1o 1.962 o 1.963 y eran ya como sesenta muchachitos en la escuelita\u00bb, dice recordando el duro comienzo de d\u00e9cadas atr\u00e1s.<\/strong><\/figcaption><\/figure>\n\n\n\n<p>\u00abCada a\u00f1o\u00bb, explica, \u00abten\u00edamos m\u00e1s y m\u00e1s ni\u00f1itos. Empezamos a construir salones. Esto por aqu\u00ed era puro monte aunque ya estaba la autopista, pero era muy s\u00f3lo. Era el a\u00f1o 1.962 o 1.963 y eran ya como sesenta muchachitos en la escuelita. Aqu\u00ed no hab\u00eda colegio. Tuve que contratar a una maestra para que me ayudara\u00bb.<\/p>\n\n\n\n<p>El nombre que ella le asign\u00f3 a lo que sigue siendo hoy el Colegio Col\u00f3n de Maracaibo con m\u00e1s de cincuenta a\u00f1os de funcionamiento, surgi\u00f3 de un recuerdo. De all\u00ed han egresado generaciones de bachilleres que son profesionales t\u00e9cnicos y universitarios diseminados dentro y fuera del pais. La idea sorprender\u00eda a su esposo Vinicio Andrade Bravo.<\/p>\n\n\n\n<p>\u00abDonde \u00e9l estudi\u00f3 bachillerato en Barranquilla se llama Colegio Col\u00f3n. A m\u00ed en ese tiempo me dol\u00eda mucho la xenofobia. Era al rev\u00e9s porque en Colombia a los venezolanos los quer\u00edan mucho. Mi esposo siempre se sinti\u00f3 bien all\u00e1, era feliz. El director del colegio era como un padre que lo aconsejaba, lo guiaba y como \u00e9l quiso tanto a su colegio quise darle ese regalo\u00bb.<\/p>\n\n\n\n<p>Muchas son las an\u00e9cdotas y recuerdos que a la docente, Mar\u00eda del Socorro Guti\u00e9rrez Florez, le hace merecedora poseer su \u00abCertificado de Zulianidad\u00bb. Su historia ha estado cargada de momentos hermosos, agradables y tambi\u00e9n dif\u00edciles. Desde que pis\u00f3 esta tierra de gracia llamada Maracaibo, &#8211;64 a\u00f1os atr\u00e1s&#8211;, supo que su misi\u00f3n de vida estaba en la casa de la Virgen de Chiquinquir\u00e1, tambi\u00e9n patrona de Colombia.<br><strong><em>Por Jos\u00e9 Aranguibel Carrasco<\/em><\/strong><\/p>\n\n\n\n<p><\/p>\n","protected":false},"excerpt":{"rendered":"<p>Un flechazo de \u00abCupido\u00bb directo a su coraz\u00f3n fue el responsable de que Mar\u00eda del&#8230;<\/p>\n","protected":false},"author":2,"featured_media":14264,"comment_status":"closed","ping_status":"open","sticky":false,"template":"","format":"standard","meta":{"footnotes":""},"categories":[57,1],"tags":[],"class_list":["post-14263","post","type-post","status-publish","format-standard","has-post-thumbnail","hentry","category-actualidad","category-regionales"],"_links":{"self":[{"href":"https:\/\/entretormentas.com\/index.php?rest_route=\/wp\/v2\/posts\/14263","targetHints":{"allow":["GET"]}}],"collection":[{"href":"https:\/\/entretormentas.com\/index.php?rest_route=\/wp\/v2\/posts"}],"about":[{"href":"https:\/\/entretormentas.com\/index.php?rest_route=\/wp\/v2\/types\/post"}],"author":[{"embeddable":true,"href":"https:\/\/entretormentas.com\/index.php?rest_route=\/wp\/v2\/users\/2"}],"replies":[{"embeddable":true,"href":"https:\/\/entretormentas.com\/index.php?rest_route=%2Fwp%2Fv2%2Fcomments&post=14263"}],"version-history":[{"count":1,"href":"https:\/\/entretormentas.com\/index.php?rest_route=\/wp\/v2\/posts\/14263\/revisions"}],"predecessor-version":[{"id":14269,"href":"https:\/\/entretormentas.com\/index.php?rest_route=\/wp\/v2\/posts\/14263\/revisions\/14269"}],"wp:featuredmedia":[{"embeddable":true,"href":"https:\/\/entretormentas.com\/index.php?rest_route=\/wp\/v2\/media\/14264"}],"wp:attachment":[{"href":"https:\/\/entretormentas.com\/index.php?rest_route=%2Fwp%2Fv2%2Fmedia&parent=14263"}],"wp:term":[{"taxonomy":"category","embeddable":true,"href":"https:\/\/entretormentas.com\/index.php?rest_route=%2Fwp%2Fv2%2Fcategories&post=14263"},{"taxonomy":"post_tag","embeddable":true,"href":"https:\/\/entretormentas.com\/index.php?rest_route=%2Fwp%2Fv2%2Ftags&post=14263"}],"curies":[{"name":"wp","href":"https:\/\/api.w.org\/{rel}","templated":true}]}}