{"id":14270,"date":"2025-03-17T09:13:12","date_gmt":"2025-03-17T08:13:12","guid":{"rendered":"https:\/\/entretormentas.com\/?p=14270"},"modified":"2025-03-17T09:13:13","modified_gmt":"2025-03-17T08:13:13","slug":"en-alianza-con-la-gobernacion-alcaldia-de-san-francisco-realiza-mercado-popular-en-cancha-don-bosco","status":"publish","type":"post","link":"https:\/\/entretormentas.com\/en-alianza-con-la-gobernacion-alcaldia-de-san-francisco-realiza-mercado-popular-en-cancha-don-bosco\/","title":{"rendered":"\u00a1EN ALIANZA CON LA GOBERNACI\u00d3N! Alcald\u00eda de San Francisco realiza Mercado Popular en cancha Don Bosco"},"content":{"rendered":"\n<p><strong>ENTRE TORMENTAS. <\/strong>La Alcald\u00eda de San Francisco llev\u00f3 a cabo una exitosa jornada de Mercado Popular en la cancha Don Bosco, ubicada en la calle 161 de la urbanizaci\u00f3n San Francisco donde cientos de ciudadanos adquirieron productos de excelente calidad a precios accesibles, incluyendo las prote\u00ednas, gracias a la alianza perfecta entre el ayuntamiento sure\u00f1o y la Gobernaci\u00f3n del Zulia.<\/p>\n\n\n\n<p>Pensando en la econom\u00eda de la ciudadan\u00eda, el alcalde Gustavo Fern\u00e1ndez M\u00e9ndez inform\u00f3 el retorno de estas jornadas, a trav\u00e9s de la Direcci\u00f3n de Mercados adscrita a la Gerencia de Desarrollo Social y Participaci\u00f3n Ciudadana que le da al ciudadano del municipio San Francisco la oportunidad de tener acceso a los mejores productos a unos costos accesibles.<\/p>\n\n\n\n<figure class=\"wp-block-image size-large\"><img fetchpriority=\"high\" decoding=\"async\" width=\"1024\" height=\"768\" src=\"https:\/\/entretormentas.com\/wp-content\/uploads\/2025\/03\/image-295-1024x768.png\" alt=\"\" class=\"wp-image-14272\" srcset=\"https:\/\/entretormentas.com\/wp-content\/uploads\/2025\/03\/image-295-1024x768.png 1024w, https:\/\/entretormentas.com\/wp-content\/uploads\/2025\/03\/image-295-300x225.png 300w, https:\/\/entretormentas.com\/wp-content\/uploads\/2025\/03\/image-295-768x576.png 768w, https:\/\/entretormentas.com\/wp-content\/uploads\/2025\/03\/image-295.png 1280w\" sizes=\"(max-width: 1024px) 100vw, 1024px\" \/><\/figure>\n\n\n\n<p>El titular municipal junto a la primera dama de San Francisco, Franciela N\u00fa\u00f1ez de Fern\u00e1ndez y gran parte de su equipo de trabajo, detall\u00f3 que esta es la primera de varias jornadas que se llevar\u00e1n a cabo en las diferentes parroquias del municipio. \u201cNosotros con recursos financieros del propio municipio, hemos decidido comenzar a organizar estos mercados populares para que la gente pueda tener acceso a productos de calidad con precios accesibles para que la gente pueda rendir un poquito, el dinero que con tanto esfuerzo se gana\u201d, detall\u00f3.<\/p>\n\n\n\n<p>Fern\u00e1ndez M\u00e9ndez asegur\u00f3 que el ciudadano que se beneficie de estas jornadas se puede estar ahorrando hasta un 35 por ciento. \u201cUna bolsa que puede estar costando en el mercado 17 d\u00f3lares aqu\u00ed le puede costar solo 10 d\u00f3lares y cuando se compran productos por ejemplo huevos, mortadela o pollo entonces el descuento es diferente gracias a la alianza con la empresa privada que ofrece inclusive precios de planta\u201d, explic\u00f3.<\/p>\n\n\n\n<p>Genebraldo Le\u00f3n, director de Mercados, inform\u00f3 que estas bolsas con un costo de diez d\u00f3lares traen: Arroz, az\u00facar, sardina, leche en polvo, aceite, harina, pasta, caf\u00e9, entre otros. Aparte se puede comprar, si lo desea, pollo, cart\u00f3n de huevos y mortadela a precios justos.<\/p>\n\n\n\n<p>Los beneficiarios resaltaron estar agradecidos con el alcalde y el gobernador Manuel Rosales por la iniciativa de llevar a la comunidad este tipo de jornadas donde ofrecen los mejores precios de los productos de primera necesidad. \u201cGracias por lo que est\u00e1 haciendo el alcalde, gracias a mi Dios, que lo ayude y que lo proteja, am\u00e9n\u201d, expres\u00f3 Nidia de Mu\u00f1oz.<\/p>\n\n\n\n<figure class=\"wp-block-image size-large\"><img decoding=\"async\" width=\"1024\" height=\"768\" src=\"https:\/\/entretormentas.com\/wp-content\/uploads\/2025\/03\/image-296-1024x768.png\" alt=\"\" class=\"wp-image-14273\" srcset=\"https:\/\/entretormentas.com\/wp-content\/uploads\/2025\/03\/image-296-1024x768.png 1024w, https:\/\/entretormentas.com\/wp-content\/uploads\/2025\/03\/image-296-300x225.png 300w, https:\/\/entretormentas.com\/wp-content\/uploads\/2025\/03\/image-296-768x576.png 768w, https:\/\/entretormentas.com\/wp-content\/uploads\/2025\/03\/image-296.png 1080w\" sizes=\"(max-width: 1024px) 100vw, 1024px\" \/><\/figure>\n\n\n\n<p>As\u00ed tambi\u00e9n opin\u00f3 Thais Maldonado al agradecer al titular municipal por este tipo de jornadas. \u201cAgradecemos al alcalde Gustavo Fern\u00e1ndez, porque con estos mercados populares los vecinos estamos contentos\u201d, asegur\u00f3. Otro de los beneficiados calific\u00f3 la jornada como excelente. \u201cEl mejor alcalde que ha pasado por San Francisco, Gustavo Fern\u00e1ndez y nuestro gobernador Manuel Rosales, no pierden con nadie, \u00a1son los mejores! \u201d, detall\u00f3 Juan Azuaje.<\/p>\n\n\n\n<p>Con el objetivo de que estas jornadas sean provechosas para los habitantes del municipio San Francisco, y asegurando que cada hogar reciba el alimento diario necesario, la alcald\u00eda reafirma su compromiso de mejorar la calidad de vida de la ciudadan\u00eda. Adem\u00e1s, se enfoca en fortalecer la econom\u00eda y promover productos de calidad a precios justos.<br><strong><em>ET \/ Alcald\u00eda de San Francisco<\/em><\/strong><\/p>\n\n\n\n<p><\/p>\n","protected":false},"excerpt":{"rendered":"<p>ENTRE TORMENTAS. La Alcald\u00eda de San Francisco llev\u00f3 a cabo una exitosa jornada de Mercado&#8230;<\/p>\n","protected":false},"author":2,"featured_media":14271,"comment_status":"closed","ping_status":"open","sticky":false,"template":"","format":"standard","meta":{"footnotes":""},"categories":[57,1],"tags":[],"class_list":["post-14270","post","type-post","status-publish","format-standard","has-post-thumbnail","hentry","category-actualidad","category-regionales"],"_links":{"self":[{"href":"https:\/\/entretormentas.com\/index.php?rest_route=\/wp\/v2\/posts\/14270","targetHints":{"allow":["GET"]}}],"collection":[{"href":"https:\/\/entretormentas.com\/index.php?rest_route=\/wp\/v2\/posts"}],"about":[{"href":"https:\/\/entretormentas.com\/index.php?rest_route=\/wp\/v2\/types\/post"}],"author":[{"embeddable":true,"href":"https:\/\/entretormentas.com\/index.php?rest_route=\/wp\/v2\/users\/2"}],"replies":[{"embeddable":true,"href":"https:\/\/entretormentas.com\/index.php?rest_route=%2Fwp%2Fv2%2Fcomments&post=14270"}],"version-history":[{"count":1,"href":"https:\/\/entretormentas.com\/index.php?rest_route=\/wp\/v2\/posts\/14270\/revisions"}],"predecessor-version":[{"id":14274,"href":"https:\/\/entretormentas.com\/index.php?rest_route=\/wp\/v2\/posts\/14270\/revisions\/14274"}],"wp:featuredmedia":[{"embeddable":true,"href":"https:\/\/entretormentas.com\/index.php?rest_route=\/wp\/v2\/media\/14271"}],"wp:attachment":[{"href":"https:\/\/entretormentas.com\/index.php?rest_route=%2Fwp%2Fv2%2Fmedia&parent=14270"}],"wp:term":[{"taxonomy":"category","embeddable":true,"href":"https:\/\/entretormentas.com\/index.php?rest_route=%2Fwp%2Fv2%2Fcategories&post=14270"},{"taxonomy":"post_tag","embeddable":true,"href":"https:\/\/entretormentas.com\/index.php?rest_route=%2Fwp%2Fv2%2Ftags&post=14270"}],"curies":[{"name":"wp","href":"https:\/\/api.w.org\/{rel}","templated":true}]}}