{"id":14287,"date":"2025-03-17T09:24:11","date_gmt":"2025-03-17T08:24:11","guid":{"rendered":"https:\/\/entretormentas.com\/?p=14287"},"modified":"2025-03-17T09:24:11","modified_gmt":"2025-03-17T08:24:11","slug":"deportados-desde-eeuu-ya-estan-en-la-carcel-de-el-salvador-los-presuntos-miembros-del-tren-de-aragua","status":"publish","type":"post","link":"https:\/\/entretormentas.com\/deportados-desde-eeuu-ya-estan-en-la-carcel-de-el-salvador-los-presuntos-miembros-del-tren-de-aragua\/","title":{"rendered":"\u00a1DEPORTADOS DESDE EEUU! Ya est\u00e1n en la c\u00e1rcel de El Salvador los presuntos miembros del Tren de Aragua"},"content":{"rendered":"\n<p><strong>ENTRE TORMENTAS.<\/strong> Este domingo un grupo de 238 miembros de la banda terrorista el Tren de Aragua fueron deportados por el gobierno de Donald Trump hacia El Salvador, pa\u00eds que los recibi\u00f3 y traslad\u00f3 hasta el Centro de Confinamiento del Terrorismo (CECOT), creada por el presidente Nayib Bukele para apresar a los pandilleros de su pa\u00eds.<\/p>\n\n\n\n<figure class=\"wp-block-image size-full\"><img fetchpriority=\"high\" decoding=\"async\" width=\"750\" height=\"500\" src=\"https:\/\/entretormentas.com\/wp-content\/uploads\/2025\/03\/image-304.png\" alt=\"\" class=\"wp-image-14289\" srcset=\"https:\/\/entretormentas.com\/wp-content\/uploads\/2025\/03\/image-304.png 750w, https:\/\/entretormentas.com\/wp-content\/uploads\/2025\/03\/image-304-300x200.png 300w\" sizes=\"(max-width: 750px) 100vw, 750px\" \/><\/figure>\n\n\n\n<p>Para acelerar las deportaciones contra miembros de Tren de Aragua, Trump decidi\u00f3 el s\u00e1bado aplicar la Ley de Enemigos Extranjeros, que se remonta a 1798 y que no hab\u00eda sido invocada desde la Segunda Guerra Mundial (1939-1945).<\/p>\n\n\n\n<figure class=\"wp-block-image size-full\"><img decoding=\"async\" width=\"496\" height=\"736\" src=\"https:\/\/entretormentas.com\/wp-content\/uploads\/2025\/03\/image-303.png\" alt=\"\" class=\"wp-image-14288\" srcset=\"https:\/\/entretormentas.com\/wp-content\/uploads\/2025\/03\/image-303.png 496w, https:\/\/entretormentas.com\/wp-content\/uploads\/2025\/03\/image-303-202x300.png 202w\" sizes=\"(max-width: 496px) 100vw, 496px\" \/><\/figure>\n\n\n\n<p>Es una autoridad que en tiempos de guerra permite detener o deportar a los ciudadanos de una naci\u00f3n enemiga sin audiencia previa y, bajo la misma, todos los venezolanos mayores de 14 a\u00f1os que se considere que pertenezcan a esa banda, se encuentren en EE.UU. y no est\u00e9n naturalizados o sean residentes permanentes legales est\u00e1n sujetos a ser detenidos, retenidos y expulsados en calidad de enemigos extranjeros.<br><strong><em>ET \/ Agencias<\/em><\/strong><\/p>\n","protected":false},"excerpt":{"rendered":"<p>ENTRE TORMENTAS. Este domingo un grupo de 238 miembros de la banda terrorista el Tren&#8230;<\/p>\n","protected":false},"author":2,"featured_media":14290,"comment_status":"closed","ping_status":"open","sticky":false,"template":"","format":"standard","meta":{"footnotes":""},"categories":[56,48],"tags":[],"class_list":["post-14287","post","type-post","status-publish","format-standard","has-post-thumbnail","hentry","category-destacadas","category-internacionales"],"_links":{"self":[{"href":"https:\/\/entretormentas.com\/index.php?rest_route=\/wp\/v2\/posts\/14287","targetHints":{"allow":["GET"]}}],"collection":[{"href":"https:\/\/entretormentas.com\/index.php?rest_route=\/wp\/v2\/posts"}],"about":[{"href":"https:\/\/entretormentas.com\/index.php?rest_route=\/wp\/v2\/types\/post"}],"author":[{"embeddable":true,"href":"https:\/\/entretormentas.com\/index.php?rest_route=\/wp\/v2\/users\/2"}],"replies":[{"embeddable":true,"href":"https:\/\/entretormentas.com\/index.php?rest_route=%2Fwp%2Fv2%2Fcomments&post=14287"}],"version-history":[{"count":1,"href":"https:\/\/entretormentas.com\/index.php?rest_route=\/wp\/v2\/posts\/14287\/revisions"}],"predecessor-version":[{"id":14291,"href":"https:\/\/entretormentas.com\/index.php?rest_route=\/wp\/v2\/posts\/14287\/revisions\/14291"}],"wp:featuredmedia":[{"embeddable":true,"href":"https:\/\/entretormentas.com\/index.php?rest_route=\/wp\/v2\/media\/14290"}],"wp:attachment":[{"href":"https:\/\/entretormentas.com\/index.php?rest_route=%2Fwp%2Fv2%2Fmedia&parent=14287"}],"wp:term":[{"taxonomy":"category","embeddable":true,"href":"https:\/\/entretormentas.com\/index.php?rest_route=%2Fwp%2Fv2%2Fcategories&post=14287"},{"taxonomy":"post_tag","embeddable":true,"href":"https:\/\/entretormentas.com\/index.php?rest_route=%2Fwp%2Fv2%2Ftags&post=14287"}],"curies":[{"name":"wp","href":"https:\/\/api.w.org\/{rel}","templated":true}]}}