{"id":14300,"date":"2025-03-18T02:00:56","date_gmt":"2025-03-18T01:00:56","guid":{"rendered":"https:\/\/entretormentas.com\/?p=14300"},"modified":"2025-03-18T02:00:57","modified_gmt":"2025-03-18T01:00:57","slug":"al-son-de-los-tambores-santa-lucia-vibra-a-lo-grande-al-celebrar-el-dia-de-la-afrozulianidad-2025","status":"publish","type":"post","link":"https:\/\/entretormentas.com\/al-son-de-los-tambores-santa-lucia-vibra-a-lo-grande-al-celebrar-el-dia-de-la-afrozulianidad-2025\/","title":{"rendered":"\u00a1AL SON DE LOS TAMBORES! Santa Luc\u00eda vibra a lo grande al celebrar el D\u00eda de la Afrozulianidad 2025"},"content":{"rendered":"\n<p><strong>ENTRE TORMENTAS.<\/strong> El s\u00e1bado 15 de marzo, el boulevard de Santa Luc\u00eda de Maracaibo, se convirti\u00f3 en el escenario ideal para conmemorar el D\u00eda de la Afrozulianidad 2025. Esta celebraci\u00f3n rindi\u00f3 homenaje a Juan de Dios Mart\u00ednez, un destacado exponente de la cultura popular afrozuliana, y reuni\u00f3 a la comunidad, vasallos y cantores en una fiesta llena de m\u00fasica, danzas y, sobre todo, de alegr\u00eda desbordada.<\/p>\n\n\n\n<p><br>La actividad fue realizada por la Gobernaci\u00f3n del Zulia a trav\u00e9s de la Secretar\u00eda de Cultura, un d\u00eda antes de la fecha se\u00f1alada, y comenz\u00f3 con un recorrido que parti\u00f3 de la iglesia de Santa Luc\u00eda, con una gran gaita de tambora bajo el acompa\u00f1amiento de los m\u00fasicos de la talla de Rafael Chourio, Elvis S\u00e1nchez, Lendys Solarte, Julio Moreno e Ilsaac Angulo y la coreograf\u00eda de bailarines que recrearon la escena.<br>\u00a0<br>Los ecos de los tambores, las maracas y ciudadanos repitiendo los coros de la gaita crearon una atm\u00f3sfera festiva, donde el clarinete del m\u00fasico Rafael Chourio se destac\u00f3 en esta celebraci\u00f3n. Los asistentes, motivados por la m\u00fasica vibrante, se unieron al baile, convirtiendo este evento en un vibrante tributo a las tradiciones afrodescendientes.<br>\u00a0<br>La procesi\u00f3n lleg\u00f3 a la plaza de Santa Luc\u00eda donde se llev\u00f3 a cabo el acto protocolar presidido por la secretaria de Cultura, Viviana M\u00e1rquez, y cont\u00f3 con la presencia de diversas autoridades regionales e invitados especiales.<\/p>\n\n\n\n<figure class=\"wp-block-image size-large\"><img fetchpriority=\"high\" decoding=\"async\" width=\"1024\" height=\"682\" src=\"https:\/\/entretormentas.com\/wp-content\/uploads\/2025\/03\/image-311-1024x682.png\" alt=\"\" class=\"wp-image-14302\" srcset=\"https:\/\/entretormentas.com\/wp-content\/uploads\/2025\/03\/image-311-1024x682.png 1024w, https:\/\/entretormentas.com\/wp-content\/uploads\/2025\/03\/image-311-300x200.png 300w, https:\/\/entretormentas.com\/wp-content\/uploads\/2025\/03\/image-311-768x512.png 768w, https:\/\/entretormentas.com\/wp-content\/uploads\/2025\/03\/image-311-1536x1024.png 1536w, https:\/\/entretormentas.com\/wp-content\/uploads\/2025\/03\/image-311-2048x1365.png 2048w\" sizes=\"(max-width: 1024px) 100vw, 1024px\" \/><\/figure>\n\n\n\n<p><br>En este marco, se otorgaron reconocimientos a cultores y figuras destacadas que han contribuido a la difusi\u00f3n y preservaci\u00f3n de las tradiciones afrozulianas. Entre los homenajeados se encontraban los Vasallos de la Rosa Vieja, de Santa Luc\u00eda, La Pastora, Los Acureros, Ram\u00f3n Ochoa, El Valle, as\u00ed como la agrupaci\u00f3n de m\u00fasica afrovenezolana \u201cDios en la Calle\u201d y los cultores Jos\u00e9 \u201cCheo\u201d Romero, Rafael Chourio, Julio Moreno, y Mar\u00eda Chiquinquir\u00e1 Villalobos.<br>\u00a0<br>Jos\u00e9 \u201cCheo\u201d Romero, historiador, educador y profesor universitario dedicado con m\u00e1s de tres d\u00e9cadas a la investigaci\u00f3n de la cultura zuliana, habl\u00f3 en representaci\u00f3n de los galardonados y comparti\u00f3 conmovedoras an\u00e9cdotas vividas con Juan de Dios Mart\u00ednez y su experiencia como investigador de la gaita, la cultura y la afrozulianidad, reflejando su pasi\u00f3n y el compromiso con la preservaci\u00f3n y difusi\u00f3n del legado cultural.<br>\u00a0<br>Por su parte, Viviana M\u00e1rquez, secretaria de Cultura, resalt\u00f3 la vida y obra de Juan de Dios Mart\u00ednez, originario de Bobures, Sur del lago de Maracaibo y su valioso aporte a la rica herencia cultural y etnomusicolog\u00eda africana.<br>\u00a0<br>\u201cJuan de Dios Mart\u00ednez con su peculiar manera de narrar nos engull\u00eda en espacios atemporales y en tiempos sin espacios, as\u00ed con esas particularidades ense\u00f1aba el sonoro y complejo ritual del Chimbangueles\u201d, afirm\u00f3 M\u00e1rquez, al tiempo que destac\u00f3 que \u201cfue, es y seguir\u00e1 siendo el principal cultor de la m\u00fasica afrocaribe\u00f1a de nuestro pa\u00eds, adem\u00e1s de escritor, m\u00fasico e investigador de las culturas africanas del Zulia y de Venezuela\u201d.<br>\u00a0<br>El homenaje culmin\u00f3 con una gala cultural que incluy\u00f3 la presentaci\u00f3n de Danzas T\u00edpicas Maracaibo y un ensamble musical de las Escuelas de Danzas de la Secretar\u00eda de Cultura, del Centro Cultural Luis Castillo, Danzas del Zulia y del Instituto Municipal de Cultura de la Alcald\u00eda de San Francisco, reuniendo as\u00ed a m\u00e1s de 150 artistas en escena con un derroche de energ\u00eda.<br>\u00a0<br>Desde el a\u00f1o 2006, cada 16 de marzo se celebra el D\u00eda de la Afrozulianidad en honor a Juan de Dios Mart\u00ednez, un ferviente defensor de la afrodescendencia en el Zulia y en Venezuela y devoto a San Benito de Palermo. Su legado contin\u00faa inspirando a las nuevas generaciones recordando la importancia de valorar y preservar la identidad zuliana.<br><strong><em>ET \/ Nota de Prensa<\/em><\/strong><\/p>\n","protected":false},"excerpt":{"rendered":"<p>ENTRE TORMENTAS. El s\u00e1bado 15 de marzo, el boulevard de Santa Luc\u00eda de Maracaibo, se&#8230;<\/p>\n","protected":false},"author":2,"featured_media":14301,"comment_status":"closed","ping_status":"open","sticky":false,"template":"","format":"standard","meta":{"footnotes":""},"categories":[1],"tags":[],"class_list":["post-14300","post","type-post","status-publish","format-standard","has-post-thumbnail","hentry","category-regionales"],"_links":{"self":[{"href":"https:\/\/entretormentas.com\/index.php?rest_route=\/wp\/v2\/posts\/14300","targetHints":{"allow":["GET"]}}],"collection":[{"href":"https:\/\/entretormentas.com\/index.php?rest_route=\/wp\/v2\/posts"}],"about":[{"href":"https:\/\/entretormentas.com\/index.php?rest_route=\/wp\/v2\/types\/post"}],"author":[{"embeddable":true,"href":"https:\/\/entretormentas.com\/index.php?rest_route=\/wp\/v2\/users\/2"}],"replies":[{"embeddable":true,"href":"https:\/\/entretormentas.com\/index.php?rest_route=%2Fwp%2Fv2%2Fcomments&post=14300"}],"version-history":[{"count":1,"href":"https:\/\/entretormentas.com\/index.php?rest_route=\/wp\/v2\/posts\/14300\/revisions"}],"predecessor-version":[{"id":14303,"href":"https:\/\/entretormentas.com\/index.php?rest_route=\/wp\/v2\/posts\/14300\/revisions\/14303"}],"wp:featuredmedia":[{"embeddable":true,"href":"https:\/\/entretormentas.com\/index.php?rest_route=\/wp\/v2\/media\/14301"}],"wp:attachment":[{"href":"https:\/\/entretormentas.com\/index.php?rest_route=%2Fwp%2Fv2%2Fmedia&parent=14300"}],"wp:term":[{"taxonomy":"category","embeddable":true,"href":"https:\/\/entretormentas.com\/index.php?rest_route=%2Fwp%2Fv2%2Fcategories&post=14300"},{"taxonomy":"post_tag","embeddable":true,"href":"https:\/\/entretormentas.com\/index.php?rest_route=%2Fwp%2Fv2%2Ftags&post=14300"}],"curies":[{"name":"wp","href":"https:\/\/api.w.org\/{rel}","templated":true}]}}