{"id":14308,"date":"2025-03-18T02:07:36","date_gmt":"2025-03-18T01:07:36","guid":{"rendered":"https:\/\/entretormentas.com\/?p=14308"},"modified":"2025-03-18T09:15:40","modified_gmt":"2025-03-18T08:15:40","slug":"alcalde-gustavo-fernandez-en-este-2025-nuestra-prioridad-es-mantener-un-san-francisco-limpio","status":"publish","type":"post","link":"https:\/\/entretormentas.com\/alcalde-gustavo-fernandez-en-este-2025-nuestra-prioridad-es-mantener-un-san-francisco-limpio\/","title":{"rendered":"\u00a1CUMPLIENDO! Alcalde Gustavo Fern\u00e1ndez afirma que en este 2025 \u00abnuestra prioridad es mantener un San Francisco limpio\u00bb"},"content":{"rendered":"\n<p><strong>ENTRE TORMENTAS. <\/strong>El Instituto P\u00fablico Municipal de Ambiente y Aseo Urbano ha venido desarrollando una extraordinaria labor en la recolecci\u00f3n de desechos s\u00f3lidos, recolectando en lo que va de a\u00f1o, la cantidad de 30 mil 282 toneladas, a trav\u00e9s del servicio de recolecci\u00f3n domiciliaria y operativos especiales de limpieza de vertederos a cielo abierto (playones). Estas acciones buscan contribuir con el mantenimiento, limpieza, orden y saneamiento del municipio.<\/p>\n\n\n\n<p>\u00abEn este 2025, nuestra prioridad es mantener un San Francisco Limpio. Con la colaboraci\u00f3n de todos le ganaremos la batalla a la basura, utilizando todos los mecanismos necesarios, redoblando esfuerzos, trabajando 24\/7 hasta lograr convertir al municipio, en el m\u00e1s saneado e higienizado del occidente del pa\u00eds\u00bb, enfatiz\u00f3 el titular municipal.<\/p>\n\n\n\n<figure class=\"wp-block-image size-large\"><img fetchpriority=\"high\" decoding=\"async\" width=\"1024\" height=\"680\" src=\"https:\/\/entretormentas.com\/wp-content\/uploads\/2025\/03\/image-315-1024x680.png\" alt=\"\" class=\"wp-image-14310\" srcset=\"https:\/\/entretormentas.com\/wp-content\/uploads\/2025\/03\/image-315-1024x680.png 1024w, https:\/\/entretormentas.com\/wp-content\/uploads\/2025\/03\/image-315-300x199.png 300w, https:\/\/entretormentas.com\/wp-content\/uploads\/2025\/03\/image-315-768x510.png 768w, https:\/\/entretormentas.com\/wp-content\/uploads\/2025\/03\/image-315.png 1280w\" sizes=\"(max-width: 1024px) 100vw, 1024px\" \/><\/figure>\n\n\n\n<p>Para ello el presidente de Imasur, Carlos Calles, el director de aseo urbano y domiciliario, Javier Solano, la gerencia de prevenci\u00f3n y seguridad ciudadana, miembros del Concejo Municipal, la secretar\u00eda parroquial, en coordinaci\u00f3n con los vecinos, implement\u00f3 un nuevo sistema para la recolecci\u00f3n de desechos en los edificios de los sectores, Ciudad El Sol, Para\u00edso El Sol y los bloques rojos, en la parroquia San Francisco, con la donaci\u00f3n de recipientes (pipas) y bolsas pl\u00e1sticas en los 260 apartamentos que componen este complejo residencial.<\/p>\n\n\n\n<p>El presidente de Imasur inform\u00f3 que en estas zonas habitan un aproximado de 9 mil personas que seg\u00fan los c\u00e1lculos generan individualmente un promedio de 0.60 kilogramos de residuos, lo que se traduce en una acumulaci\u00f3n de casi 6 toneladas diarias, raz\u00f3n por la cual aumentar\u00e1 la frecuencia de recolecci\u00f3n interdiario, es decir lunes, martes, mi\u00e9rcoles y domingos, estableciendo puntos estrat\u00e9gicos para garantizar un servicio eficiente.<\/p>\n\n\n\n<p>Con estas acciones se pretende brindar una adecuada recolecci\u00f3n, concientizando al ciudadano para evitar el bote irresponsable de basura en lugares no permitidos. En mancomunidad con la alcald\u00eda y las comunidades, San Francisco, tendr\u00e1 en su entorno un ambiente m\u00e1s armonioso y saludable para todos.<br><strong><em>ET \/ Alcald\u00eda de San Francisco<\/em><\/strong><\/p>\n","protected":false},"excerpt":{"rendered":"<p>ENTRE TORMENTAS. El Instituto P\u00fablico Municipal de Ambiente y Aseo Urbano ha venido desarrollando una&#8230;<\/p>\n","protected":false},"author":2,"featured_media":14309,"comment_status":"closed","ping_status":"open","sticky":false,"template":"","format":"standard","meta":{"footnotes":""},"categories":[57,1],"tags":[],"class_list":["post-14308","post","type-post","status-publish","format-standard","has-post-thumbnail","hentry","category-actualidad","category-regionales"],"_links":{"self":[{"href":"https:\/\/entretormentas.com\/index.php?rest_route=\/wp\/v2\/posts\/14308","targetHints":{"allow":["GET"]}}],"collection":[{"href":"https:\/\/entretormentas.com\/index.php?rest_route=\/wp\/v2\/posts"}],"about":[{"href":"https:\/\/entretormentas.com\/index.php?rest_route=\/wp\/v2\/types\/post"}],"author":[{"embeddable":true,"href":"https:\/\/entretormentas.com\/index.php?rest_route=\/wp\/v2\/users\/2"}],"replies":[{"embeddable":true,"href":"https:\/\/entretormentas.com\/index.php?rest_route=%2Fwp%2Fv2%2Fcomments&post=14308"}],"version-history":[{"count":2,"href":"https:\/\/entretormentas.com\/index.php?rest_route=\/wp\/v2\/posts\/14308\/revisions"}],"predecessor-version":[{"id":14354,"href":"https:\/\/entretormentas.com\/index.php?rest_route=\/wp\/v2\/posts\/14308\/revisions\/14354"}],"wp:featuredmedia":[{"embeddable":true,"href":"https:\/\/entretormentas.com\/index.php?rest_route=\/wp\/v2\/media\/14309"}],"wp:attachment":[{"href":"https:\/\/entretormentas.com\/index.php?rest_route=%2Fwp%2Fv2%2Fmedia&parent=14308"}],"wp:term":[{"taxonomy":"category","embeddable":true,"href":"https:\/\/entretormentas.com\/index.php?rest_route=%2Fwp%2Fv2%2Fcategories&post=14308"},{"taxonomy":"post_tag","embeddable":true,"href":"https:\/\/entretormentas.com\/index.php?rest_route=%2Fwp%2Fv2%2Ftags&post=14308"}],"curies":[{"name":"wp","href":"https:\/\/api.w.org\/{rel}","templated":true}]}}