{"id":14319,"date":"2025-03-18T02:21:57","date_gmt":"2025-03-18T01:21:57","guid":{"rendered":"https:\/\/entretormentas.com\/?p=14319"},"modified":"2025-03-18T02:21:58","modified_gmt":"2025-03-18T01:21:58","slug":"alcalde-gustavo-fernandez-estamos-preparados-para-la-temporada-de-lluvias-con-implementacion-del-plan-paraguas","status":"publish","type":"post","link":"https:\/\/entretormentas.com\/alcalde-gustavo-fernandez-estamos-preparados-para-la-temporada-de-lluvias-con-implementacion-del-plan-paraguas\/","title":{"rendered":"ALCALDE GUSTAVO FERN\u00c1NDEZ: \u201cEstamos preparados para la temporada de lluvias con implementaci\u00f3n del Plan Paraguas\u201d"},"content":{"rendered":"\n<p><strong><em>San Francisco fue el municipio donde m\u00e1s cay\u00f3 agua, la cual super\u00f3 la capacidad de cualquier ca\u00f1ada y que no pas\u00f3 a mayores gracias al trabajo preventivo de la alcald\u00eda sure\u00f1a<\/em><\/strong><\/p>\n\n\n\n<p><strong>ENTRE TORMENTAS. <\/strong>Desde la Alcald\u00eda del municipio San Francisco, a trav\u00e9s de las gerencias de Operaciones e Infraestructura, contin\u00faa vigente el despliegue del Plan Paraguas, con la intervenci\u00f3n y limpieza de todas las ca\u00f1adas que circulan en el municipio sure\u00f1o, seg\u00fan inform\u00f3 el alcalde Gustavo Fern\u00e1ndez en la ma\u00f1ana de este lunes, despu\u00e9s de las fuertes precipitaciones suscitadas en el estado Zulia.<\/p>\n\n\n\n<figure class=\"wp-block-image size-large\"><img fetchpriority=\"high\" decoding=\"async\" width=\"1024\" height=\"768\" src=\"https:\/\/entretormentas.com\/wp-content\/uploads\/2025\/03\/image-320-1024x768.png\" alt=\"\" class=\"wp-image-14321\" srcset=\"https:\/\/entretormentas.com\/wp-content\/uploads\/2025\/03\/image-320-1024x768.png 1024w, https:\/\/entretormentas.com\/wp-content\/uploads\/2025\/03\/image-320-300x225.png 300w, https:\/\/entretormentas.com\/wp-content\/uploads\/2025\/03\/image-320-768x576.png 768w, https:\/\/entretormentas.com\/wp-content\/uploads\/2025\/03\/image-320.png 1080w\" sizes=\"(max-width: 1024px) 100vw, 1024px\" \/><\/figure>\n\n\n\n<p>El titular municipal inform\u00f3 que ya \u201cestamos preparados para la temporada de lluvias desde la alcald\u00eda de San Francisco con la implementaci\u00f3n del Plan Paraguas, que no es un plan espor\u00e1dico, es un programa permanente porque las lluvias son c\u00edclicas, esperamos que la naturaleza se comporte y no sea inclemente con San Francisco, con el Zulia y con este pa\u00eds\u201d, indic\u00f3 Fern\u00e1ndez desde el barrio 24 de Julio de la parroquia Domitila Flores.<\/p>\n\n\n\n<p>El reporte realizado por el alcalde en el recorrido de inspecci\u00f3n de las ca\u00f1adas, apunta a que entre siete y ocho municipios fueron afectados con las lluvias en la geograf\u00eda regional. \u201cEn San Francisco, fue donde m\u00e1s agua cay\u00f3, una fort\u00edsima precipitaci\u00f3n, que super\u00f3 la capacidad de cualquier ca\u00f1ada, tenemos eventualidades solo materiales en el barrio 24 de Julio y 28 de Diciembre\u201d, precis\u00f3 Fern\u00e1ndez.<\/p>\n\n\n\n<figure class=\"wp-block-image size-large\"><img decoding=\"async\" width=\"1024\" height=\"768\" src=\"https:\/\/entretormentas.com\/wp-content\/uploads\/2025\/03\/image-322-1024x768.png\" alt=\"\" class=\"wp-image-14323\" srcset=\"https:\/\/entretormentas.com\/wp-content\/uploads\/2025\/03\/image-322-1024x768.png 1024w, https:\/\/entretormentas.com\/wp-content\/uploads\/2025\/03\/image-322-300x225.png 300w, https:\/\/entretormentas.com\/wp-content\/uploads\/2025\/03\/image-322-768x576.png 768w, https:\/\/entretormentas.com\/wp-content\/uploads\/2025\/03\/image-322.png 1280w\" sizes=\"(max-width: 1024px) 100vw, 1024px\" \/><\/figure>\n\n\n\n<p>De Igual forma, el alcalde junto a la primera dama del municipio, Franciela N\u00fa\u00f1ez de Fern\u00e1ndez, y todo su equipo de trabajo, estuvieron evaluando el comportamiento y las contingencias en las zonas mencionadas, constatando tambi\u00e9n la situaci\u00f3n en el sector Adam Sthormes y Sierra Maestra. \u201cYa viene en camino la atenci\u00f3n del Cuerpo de Bomberos y del personal de salud, ya se encuentra el equipo de trabajo de la gerencia de Operaciones e Infraestructura destaponando la ca\u00f1ada, ya que la basura que viene arrastrada por las fuertes lluvias, tapan los cajones y se genera esta problem\u00e1tica, hay que esperar que baje el nivel del agua\u201d.<\/p>\n\n\n\n<p>Adem\u00e1s, Fern\u00e1ndez afirm\u00f3 que el equipo adscrito al Instituto P\u00fablico Municipal de la Salud (Imsasur), abordar\u00e1 la situaci\u00f3n de la temporada de lluvias con jornadas de atenci\u00f3n hacia los ciudadanos en las comunidades de todo el municipio, con el fin de prevenir enfermedades y virus. \u201cA trav\u00e9s de la direcci\u00f3n de Salud se evaluar\u00e1n cu\u00e1les son las patolog\u00edas que tenemos que evitar y podremos comenzar a desarrollar las jornadas para que no pase a mayores complicaciones y se quede solo en amenaza\u201d, indic\u00f3 el alcalde ante el tema de los virus.<\/p>\n\n\n\n<figure class=\"wp-block-image size-large\"><img decoding=\"async\" width=\"1024\" height=\"768\" src=\"https:\/\/entretormentas.com\/wp-content\/uploads\/2025\/03\/image-319-1024x768.png\" alt=\"\" class=\"wp-image-14320\" srcset=\"https:\/\/entretormentas.com\/wp-content\/uploads\/2025\/03\/image-319-1024x768.png 1024w, https:\/\/entretormentas.com\/wp-content\/uploads\/2025\/03\/image-319-300x225.png 300w, https:\/\/entretormentas.com\/wp-content\/uploads\/2025\/03\/image-319-768x576.png 768w, https:\/\/entretormentas.com\/wp-content\/uploads\/2025\/03\/image-319.png 1080w\" sizes=\"(max-width: 1024px) 100vw, 1024px\" \/><\/figure>\n\n\n\n<p>Fern\u00e1ndez recalc\u00f3 la importancia de realizar un llamado a la conciencia de las personas que a\u00fan lanzan desmesuradamente desechos s\u00f3lidos de gran tama\u00f1o en las ca\u00f1adas que circulan en todo el municipio San Francisco, ya que a pesar de los esfuerzos que realiza a diario su gesti\u00f3n, por mantener limpios y libre de basura todos estos espacios, algunas ca\u00f1adas contin\u00faan colapsando, lo que genera el desbordamiento de aguas negras en los alrededores, trayendo como consecuencias da\u00f1os materiales.<br><strong><em>ET \/ Alcald\u00eda de San Francisco<\/em><\/strong><\/p>\n\n\n\n<p><\/p>\n","protected":false},"excerpt":{"rendered":"<p>San Francisco fue el municipio donde m\u00e1s cay\u00f3 agua, la cual super\u00f3 la capacidad de&#8230;<\/p>\n","protected":false},"author":2,"featured_media":14324,"comment_status":"closed","ping_status":"open","sticky":false,"template":"","format":"standard","meta":{"footnotes":""},"categories":[57,1],"tags":[],"class_list":["post-14319","post","type-post","status-publish","format-standard","has-post-thumbnail","hentry","category-actualidad","category-regionales"],"_links":{"self":[{"href":"https:\/\/entretormentas.com\/index.php?rest_route=\/wp\/v2\/posts\/14319","targetHints":{"allow":["GET"]}}],"collection":[{"href":"https:\/\/entretormentas.com\/index.php?rest_route=\/wp\/v2\/posts"}],"about":[{"href":"https:\/\/entretormentas.com\/index.php?rest_route=\/wp\/v2\/types\/post"}],"author":[{"embeddable":true,"href":"https:\/\/entretormentas.com\/index.php?rest_route=\/wp\/v2\/users\/2"}],"replies":[{"embeddable":true,"href":"https:\/\/entretormentas.com\/index.php?rest_route=%2Fwp%2Fv2%2Fcomments&post=14319"}],"version-history":[{"count":1,"href":"https:\/\/entretormentas.com\/index.php?rest_route=\/wp\/v2\/posts\/14319\/revisions"}],"predecessor-version":[{"id":14325,"href":"https:\/\/entretormentas.com\/index.php?rest_route=\/wp\/v2\/posts\/14319\/revisions\/14325"}],"wp:featuredmedia":[{"embeddable":true,"href":"https:\/\/entretormentas.com\/index.php?rest_route=\/wp\/v2\/media\/14324"}],"wp:attachment":[{"href":"https:\/\/entretormentas.com\/index.php?rest_route=%2Fwp%2Fv2%2Fmedia&parent=14319"}],"wp:term":[{"taxonomy":"category","embeddable":true,"href":"https:\/\/entretormentas.com\/index.php?rest_route=%2Fwp%2Fv2%2Fcategories&post=14319"},{"taxonomy":"post_tag","embeddable":true,"href":"https:\/\/entretormentas.com\/index.php?rest_route=%2Fwp%2Fv2%2Ftags&post=14319"}],"curies":[{"name":"wp","href":"https:\/\/api.w.org\/{rel}","templated":true}]}}