{"id":14330,"date":"2025-03-18T02:27:46","date_gmt":"2025-03-18T01:27:46","guid":{"rendered":"https:\/\/entretormentas.com\/?p=14330"},"modified":"2025-03-18T02:27:47","modified_gmt":"2025-03-18T01:27:47","slug":"sec-gral-del-mas-venezuela-no-es-el-tren-de-aragua","status":"publish","type":"post","link":"https:\/\/entretormentas.com\/sec-gral-del-mas-venezuela-no-es-el-tren-de-aragua\/","title":{"rendered":"SEC. GRAL. DEL MAS: \u00abVenezuela no es el Tren de Aragua\u00bb"},"content":{"rendered":"\n<p><strong>ENTRE TORMENTAS. <\/strong>El secretario general del MAS, Felipe Mujica, calific\u00f3 de muy grave la situaci\u00f3n de los migrantes venezolanos que se encuentran en los Estados Unidos, como consecuencia de la orden de Donald Trump de enviar al Centro de Confinamiento del Terrorismo (CECOT) en El Salvador, a 238 connacionales,<br>acusados presuntamente, de formar parte del Tren de Aragua, sin contarse con ning\u00fan tipo de pruebas.<\/p>\n\n\n\n<p>\u00abM\u00e1s de un mill\u00f3n de venezolanos corren el riesgo de ser perseguidos, amenazados y expulsados bajo cualquier circunstancia, por se\u00f1alamientos indebidos. Lamentamos que el sue\u00f1o americano se haya convertido en una pesadilla\u00bb.<\/p>\n\n\n\n<p>Al referirse al pronunciamiento de la Casa Blanca en contra de altos funcionarios venezolanos, Mujica hizo hincapi\u00e9 en que el gobierno de Maduro debe entender que la manera de recuperar el pa\u00eds se traduce en abrir espacios para permitir una mayor participaci\u00f3n de los sectores sociales, econ\u00f3micos, pol\u00edticos y otros, en pro de buscar soluciones a corto plazo.<\/p>\n\n\n\n<p>Asegur\u00f3 que esto pudiera derivar en una negociaci\u00f3n con el gobierno de Estados Unidos para bajar los niveles de agresividad entre ambos pa\u00edses.<\/p>\n\n\n\n<p>\u00abSomos los venezolanos que estamos aqu\u00ed y all\u00e1 quienes padecemos los estragos de este proceso migratorio. La \u00fanica referencia hist\u00f3rica que recuerdo sobre de persecuciones de tal naturaleza es en la Segunda Guerra Mundial, cuando Hitler se ensa\u00f1\u00f3 contra los jud\u00edos\u00bb.<\/p>\n\n\n\n<p>El dirigente del MAS reiter\u00f3 que la dram\u00e1tica situaci\u00f3n de la migraci\u00f3n venezolana tiene su origen en la ineficacia o mal manejo de las pol\u00edticas econ\u00f3micas y sociales del gobierno y no en las sanciones contra el pa\u00eds.<\/p>\n\n\n\n<p><strong>EXPECTATIVA ELECTORAL<\/strong><br>Sobre las elecciones del 25 de mayo, Mujica anunci\u00f3 que las distintas organizaciones pol\u00edticas est\u00e1n a punto de presentar los autorizados para postular candidatos, pero que a\u00fan se desconoce el destino de las tarjetas que fueron inhabilitadas de forma irregular para participar en los comicios presidenciales del a\u00f1o pasado, entre ellas, la del MAS.<\/p>\n\n\n\n<p>\u201cEl presidente Nicol\u00e1s Maduro hizo un llamado a la participaci\u00f3n electoral, pero \u00bfc\u00f3mo hacen los partidos pol\u00edticos que tienen decisiones administrativas en su contra?\u00bb<\/p>\n\n\n\n<p><strong>VAN AL CNE<\/strong><br>Indic\u00f3 que esta misma semana, representantes del MAS, Puente y Uni\u00f3n y Progreso acudir\u00e1n nuevamente al CNE para conocer el estatus legal de sus tarjetas con miras a participar en las elecciones de diputados a la Asamblea Nacional, gobernadores y consejos legislativos.<\/p>\n\n\n\n<p>En torno a la movilizaci\u00f3n que se realizar\u00e1 este mi\u00e9rcoles 19 de marzo, la tolda naranja se solidariz\u00f3 con los trabajadores, jubilados y desempleados, afectados severamente por la crisis econ\u00f3mica y social.<\/p>\n\n\n\n<p>\u201cAcompa\u00f1aremos esta marcha y ojal\u00e1 sirva para que el gobierno vea la necesidad de construir soluciones en conjunto para que Venezuela deje de tener el salario m\u00e1s bajo del mundo y de toda nuestra historia, finaliz\u00f3\u201d.<br><strong><em>ET \/ Prensa MAS<\/em><\/strong><\/p>\n\n\n\n<p><\/p>\n","protected":false},"excerpt":{"rendered":"<p>ENTRE TORMENTAS. El secretario general del MAS, Felipe Mujica, calific\u00f3 de muy grave la situaci\u00f3n&#8230;<\/p>\n","protected":false},"author":2,"featured_media":14331,"comment_status":"closed","ping_status":"open","sticky":false,"template":"","format":"standard","meta":{"footnotes":""},"categories":[56,49],"tags":[],"class_list":["post-14330","post","type-post","status-publish","format-standard","has-post-thumbnail","hentry","category-destacadas","category-nacionales"],"_links":{"self":[{"href":"https:\/\/entretormentas.com\/index.php?rest_route=\/wp\/v2\/posts\/14330","targetHints":{"allow":["GET"]}}],"collection":[{"href":"https:\/\/entretormentas.com\/index.php?rest_route=\/wp\/v2\/posts"}],"about":[{"href":"https:\/\/entretormentas.com\/index.php?rest_route=\/wp\/v2\/types\/post"}],"author":[{"embeddable":true,"href":"https:\/\/entretormentas.com\/index.php?rest_route=\/wp\/v2\/users\/2"}],"replies":[{"embeddable":true,"href":"https:\/\/entretormentas.com\/index.php?rest_route=%2Fwp%2Fv2%2Fcomments&post=14330"}],"version-history":[{"count":1,"href":"https:\/\/entretormentas.com\/index.php?rest_route=\/wp\/v2\/posts\/14330\/revisions"}],"predecessor-version":[{"id":14332,"href":"https:\/\/entretormentas.com\/index.php?rest_route=\/wp\/v2\/posts\/14330\/revisions\/14332"}],"wp:featuredmedia":[{"embeddable":true,"href":"https:\/\/entretormentas.com\/index.php?rest_route=\/wp\/v2\/media\/14331"}],"wp:attachment":[{"href":"https:\/\/entretormentas.com\/index.php?rest_route=%2Fwp%2Fv2%2Fmedia&parent=14330"}],"wp:term":[{"taxonomy":"category","embeddable":true,"href":"https:\/\/entretormentas.com\/index.php?rest_route=%2Fwp%2Fv2%2Fcategories&post=14330"},{"taxonomy":"post_tag","embeddable":true,"href":"https:\/\/entretormentas.com\/index.php?rest_route=%2Fwp%2Fv2%2Ftags&post=14330"}],"curies":[{"name":"wp","href":"https:\/\/api.w.org\/{rel}","templated":true}]}}