{"id":14340,"date":"2025-03-18T08:29:49","date_gmt":"2025-03-18T07:29:49","guid":{"rendered":"https:\/\/entretormentas.com\/?p=14340"},"modified":"2025-03-18T08:29:50","modified_gmt":"2025-03-18T07:29:50","slug":"roberto-enriquez-plataforma-unitaria-rechaza-vinculacion-de-migrantes-con-tren-de-aragua","status":"publish","type":"post","link":"https:\/\/entretormentas.com\/roberto-enriquez-plataforma-unitaria-rechaza-vinculacion-de-migrantes-con-tren-de-aragua\/","title":{"rendered":"ROBERTO ENR\u00cdQUEZ: \u00abPlataforma Unitaria rechaza vinculaci\u00f3n de migrantes con Tren de Aragua\u00bb"},"content":{"rendered":"\n<p><strong>ENTRE TORMENTAS. <\/strong>Roberto Enr\u00edquez, coordinador transitorio de la Plataforma Unitaria, asegur\u00f3 que la coalici\u00f3n opositora no est\u00e1 dispuesta a aceptar que a los migrantes venezolanos se les etiquete como miembros de la organizaci\u00f3n delictiva Tren de Aragua.<\/p>\n\n\n\n<p>As\u00ed lo se\u00f1al\u00f3 el dirigente este lunes 17 de marzo durante una entrevista con Vladimir Villegas. \u00abNos vamos a pronunciar org\u00e1nica y constitucionalmente en lo p\u00fablico, pero tambi\u00e9n vamos a agotar todos los esfuerzos para que nuestros compatriotas que forzosamente han tenido que salir del pa\u00eds se le garantice el trato inclusivo como migrantes\u00bb.<\/p>\n\n\n\n<p>Enr\u00edquez se\u00f1al\u00f3 que los venezolanos que est\u00e9n al margen de la ley deben contar con el debido proceso, pero aclar\u00f3 que estos casos son \u00abexcepciones\u00bb porque la mayor\u00eda de los migrantes son personas valiosas que han ido a aportar ideas a otros pa\u00edses.<\/p>\n\n\n\n<p>\u00abLa Plataforma Unitaria no est\u00e1 dispuesta a aceptar que la migraci\u00f3n venezolana, que es tan valiosa y ha ido a aportar a otros pa\u00edses, se le ponga la etiqueta de un fulano tren delictivo\u00bb, destac\u00f3 Enr\u00edquez.<\/p>\n\n\n\n<p>Este domingo 16 de marzo, el gobierno de Donald Trump envi\u00f3 a 250 migrantes venezolanos a El Salvador, a quienes acus\u00f3 de formar parte de la banda delictiva El Tren de Aragua, seg\u00fan anunci\u00f3 el secretario de Estado, Marco Rubio.<\/p>\n\n\n\n<p>La decisi\u00f3n tambi\u00e9n fue rechazada por la administraci\u00f3n de Nicol\u00e1s Maduro a trav\u00e9s de un comunicado difundido por la canciller\u00eda venezolana por criminalizar a los venezolanos migrantes.<br><strong><em>ET \/ Agencias<\/em><\/strong><\/p>\n","protected":false},"excerpt":{"rendered":"<p>ENTRE TORMENTAS. Roberto Enr\u00edquez, coordinador transitorio de la Plataforma Unitaria, asegur\u00f3 que la coalici\u00f3n opositora&#8230;<\/p>\n","protected":false},"author":2,"featured_media":14341,"comment_status":"closed","ping_status":"open","sticky":false,"template":"","format":"standard","meta":{"footnotes":""},"categories":[56,49],"tags":[],"class_list":["post-14340","post","type-post","status-publish","format-standard","has-post-thumbnail","hentry","category-destacadas","category-nacionales"],"_links":{"self":[{"href":"https:\/\/entretormentas.com\/index.php?rest_route=\/wp\/v2\/posts\/14340","targetHints":{"allow":["GET"]}}],"collection":[{"href":"https:\/\/entretormentas.com\/index.php?rest_route=\/wp\/v2\/posts"}],"about":[{"href":"https:\/\/entretormentas.com\/index.php?rest_route=\/wp\/v2\/types\/post"}],"author":[{"embeddable":true,"href":"https:\/\/entretormentas.com\/index.php?rest_route=\/wp\/v2\/users\/2"}],"replies":[{"embeddable":true,"href":"https:\/\/entretormentas.com\/index.php?rest_route=%2Fwp%2Fv2%2Fcomments&post=14340"}],"version-history":[{"count":1,"href":"https:\/\/entretormentas.com\/index.php?rest_route=\/wp\/v2\/posts\/14340\/revisions"}],"predecessor-version":[{"id":14342,"href":"https:\/\/entretormentas.com\/index.php?rest_route=\/wp\/v2\/posts\/14340\/revisions\/14342"}],"wp:featuredmedia":[{"embeddable":true,"href":"https:\/\/entretormentas.com\/index.php?rest_route=\/wp\/v2\/media\/14341"}],"wp:attachment":[{"href":"https:\/\/entretormentas.com\/index.php?rest_route=%2Fwp%2Fv2%2Fmedia&parent=14340"}],"wp:term":[{"taxonomy":"category","embeddable":true,"href":"https:\/\/entretormentas.com\/index.php?rest_route=%2Fwp%2Fv2%2Fcategories&post=14340"},{"taxonomy":"post_tag","embeddable":true,"href":"https:\/\/entretormentas.com\/index.php?rest_route=%2Fwp%2Fv2%2Ftags&post=14340"}],"curies":[{"name":"wp","href":"https:\/\/api.w.org\/{rel}","templated":true}]}}