{"id":14343,"date":"2025-03-18T08:33:40","date_gmt":"2025-03-18T07:33:40","guid":{"rendered":"https:\/\/entretormentas.com\/?p=14343"},"modified":"2025-03-18T08:33:41","modified_gmt":"2025-03-18T07:33:41","slug":"defienden-su-decision-casa-blanca-niega-violar-orden-judicial-que-impide-deportar-venezolanos-a-el-salvador","status":"publish","type":"post","link":"https:\/\/entretormentas.com\/defienden-su-decision-casa-blanca-niega-violar-orden-judicial-que-impide-deportar-venezolanos-a-el-salvador\/","title":{"rendered":"\u00a1DEFIENDEN SU DECISI\u00d3N! Casa Blanca niega violar orden judicial que impide deportar venezolanos a El Salvador"},"content":{"rendered":"\n<p><strong>ENTRE TORMENTAS. <\/strong>La Casa Blanca rechaz\u00f3 las acusaciones de haber incumplido una orden judicial que suspend\u00eda las deportaciones de venezolanos presuntamente vinculados al Tren de Aragua hacia El Salvador.<\/p>\n\n\n\n<p>El gobierno de Donald Trump defendi\u00f3 sus acciones y asegur\u00f3 que la orden del juez federal James Boasberg se emiti\u00f3 despu\u00e9s de que los migrantes ya estaban fuera del territorio estadounidense.<\/p>\n\n\n\n<p>El s\u00e1bado, Boasberg bloque\u00f3 temporalmente las deportaciones y orden\u00f3 que cualquier vuelo en curso con migrantes a bordo regresara a Estados Unidos. No obstante, la administraci\u00f3n republicana anunci\u00f3 el domingo que 250 deportados ya estaban bajo custodia de las autoridades salvadore\u00f1as.<\/p>\n\n\n\n<p>Karoline Leavitt, secretaria de prensa de la Casa Blanca, afirm\u00f3 en un comunicado que la administraci\u00f3n no hab\u00eda desobedecido ninguna orden judicial, public\u00f3 CNN. Seg\u00fan, la decisi\u00f3n judicial carec\u00eda de fundamento legal y se emiti\u00f3 despu\u00e9s de que los presuntos criminales abandonaron Estados Unidos.<\/p>\n\n\n\n<p>La funcionaria tambi\u00e9n critic\u00f3 la posibilidad de que un solo juez intente revertir una medida presidencial sobre seguridad nacional.<\/p>\n\n\n\n<figure class=\"wp-block-image size-full\"><img fetchpriority=\"high\" decoding=\"async\" width=\"800\" height=\"450\" src=\"https:\/\/entretormentas.com\/wp-content\/uploads\/2025\/03\/image-332.png\" alt=\"\" class=\"wp-image-14345\" srcset=\"https:\/\/entretormentas.com\/wp-content\/uploads\/2025\/03\/image-332.png 800w, https:\/\/entretormentas.com\/wp-content\/uploads\/2025\/03\/image-332-300x169.png 300w, https:\/\/entretormentas.com\/wp-content\/uploads\/2025\/03\/image-332-768x432.png 768w\" sizes=\"(max-width: 800px) 100vw, 800px\" \/><\/figure>\n\n\n\n<p><strong>\u00abERAN MALAS PERSONAS\u00bb<\/strong><br>Durante su regreso a Washington, el presidente Trump evit\u00f3 responder directamente si su gobierno ignor\u00f3 la orden del juez y declar\u00f3 que los deportados eran \u00abmalas personas\u00bb. Sugiri\u00f3 que cualquier duda sobre el proceso legal deb\u00edan aclararlas los abogados de su administraci\u00f3n.<\/p>\n\n\n\n<p>Grupos de derechos civiles solicitaron una aclaraci\u00f3n inmediata del juez Boasberg sobre la conducta de los funcionarios federales en relaci\u00f3n con la orden judicial. Exigen conocer el momento exacto en el que despegaron los vuelos, si se ejecutaron despu\u00e9s de la decisi\u00f3n del juez y en qu\u00e9 circunstancias se entregaron los migrantes a El Salvador.<\/p>\n\n\n\n<p><strong>LEY DE 1798<\/strong><br>Los venezolanos, y tambi\u00e9n algunos miembros de la Mara Salvatrucha, fueron deportado de Estados Unidos bajo la Ley de Enemigos Extranjeros. Esta legislaci\u00f3n, que data de 1798, se ha utilizado en el pasado en tiempos de guerra y en episodios pol\u00e9micos de la historia estadounidense, como el internamiento de ciudadanos japoneses durante la Segunda Guerra Mundial.<\/p>\n\n\n\n<p>Cr\u00edticos argumentan que Estados Unidos no est\u00e1 en guerra con Venezuela y que el Congreso no ha declarado un conflicto que justifique la aplicaci\u00f3n de esta ley, de acuerdo con la cadena de noticias.<\/p>\n\n\n\n<p>El senador republicano Mike Rounds expres\u00f3 su expectativa de que el Ejecutivo cumpla con la ley, mientras que el secretario de Estado Marco Rubio defendi\u00f3 la medida y asegur\u00f3 que los deportados est\u00e1n retenidos en c\u00e1rceles salvadore\u00f1as con financiamiento estadounidense.<\/p>\n\n\n\n<p>Sin embargo, la falta de transparencia sobre la identidad de los deportados genera temores de que personas sin v\u00ednculos con organizaciones criminales puedan haber sido expulsadas sin garant\u00edas legales.<br><strong><em>ET \/ El Nacional<\/em><\/strong><\/p>\n\n\n\n<p><\/p>\n","protected":false},"excerpt":{"rendered":"<p>ENTRE TORMENTAS. La Casa Blanca rechaz\u00f3 las acusaciones de haber incumplido una orden judicial que&#8230;<\/p>\n","protected":false},"author":2,"featured_media":14344,"comment_status":"closed","ping_status":"open","sticky":false,"template":"","format":"standard","meta":{"footnotes":""},"categories":[56,48],"tags":[],"class_list":["post-14343","post","type-post","status-publish","format-standard","has-post-thumbnail","hentry","category-destacadas","category-internacionales"],"_links":{"self":[{"href":"https:\/\/entretormentas.com\/index.php?rest_route=\/wp\/v2\/posts\/14343","targetHints":{"allow":["GET"]}}],"collection":[{"href":"https:\/\/entretormentas.com\/index.php?rest_route=\/wp\/v2\/posts"}],"about":[{"href":"https:\/\/entretormentas.com\/index.php?rest_route=\/wp\/v2\/types\/post"}],"author":[{"embeddable":true,"href":"https:\/\/entretormentas.com\/index.php?rest_route=\/wp\/v2\/users\/2"}],"replies":[{"embeddable":true,"href":"https:\/\/entretormentas.com\/index.php?rest_route=%2Fwp%2Fv2%2Fcomments&post=14343"}],"version-history":[{"count":1,"href":"https:\/\/entretormentas.com\/index.php?rest_route=\/wp\/v2\/posts\/14343\/revisions"}],"predecessor-version":[{"id":14346,"href":"https:\/\/entretormentas.com\/index.php?rest_route=\/wp\/v2\/posts\/14343\/revisions\/14346"}],"wp:featuredmedia":[{"embeddable":true,"href":"https:\/\/entretormentas.com\/index.php?rest_route=\/wp\/v2\/media\/14344"}],"wp:attachment":[{"href":"https:\/\/entretormentas.com\/index.php?rest_route=%2Fwp%2Fv2%2Fmedia&parent=14343"}],"wp:term":[{"taxonomy":"category","embeddable":true,"href":"https:\/\/entretormentas.com\/index.php?rest_route=%2Fwp%2Fv2%2Fcategories&post=14343"},{"taxonomy":"post_tag","embeddable":true,"href":"https:\/\/entretormentas.com\/index.php?rest_route=%2Fwp%2Fv2%2Ftags&post=14343"}],"curies":[{"name":"wp","href":"https:\/\/api.w.org\/{rel}","templated":true}]}}