{"id":14366,"date":"2025-03-20T08:53:22","date_gmt":"2025-03-20T07:53:22","guid":{"rendered":"https:\/\/entretormentas.com\/?p=14366"},"modified":"2025-03-20T08:53:23","modified_gmt":"2025-03-20T07:53:23","slug":"apoyo-total-alcaldia-de-san-francisco-despliega-jornada-de-ayudas-a-comunidades-afectadas-por-lluvias","status":"publish","type":"post","link":"https:\/\/entretormentas.com\/apoyo-total-alcaldia-de-san-francisco-despliega-jornada-de-ayudas-a-comunidades-afectadas-por-lluvias\/","title":{"rendered":"\u00a1APOYO TOTAL! Alcald\u00eda de San Francisco despliega jornada de ayudas a comunidades afectadas por lluvias"},"content":{"rendered":"\n<p><strong>ENTRE TORMENTAS.<\/strong> Desde la Alcald\u00eda de San Francisco, la gesti\u00f3n del alcalde Gustavo Fern\u00e1ndez, contin\u00faa implementando esfuerzos significativos, con el fin de atender a las comunidades afectadas por las fuertes precipitaciones del d\u00eda de ayer en el municipio sure\u00f1o.<\/p>\n\n\n\n<p>El alcalde Gustavo Fern\u00e1ndez asegur\u00f3 que el gobierno municipal atendi\u00f3 de manera oportuna las contingencias originadas en los sectores, en donde las ca\u00f1adas se desbordaron debido a que las precipitaciones superaron la capacidad de los caudales. \u00abEn San Francisco la naturaleza el d\u00eda de ayer fue inclemente, el Plan Paraguas contin\u00faa vigente desde sus inicios en diciembre del a\u00f1o 2021, tiempo en el que se comenzaron los trabajos de saneamiento de todas las ca\u00f1adas del municipio San Francisco\u00bb, indic\u00f3 el alcalde.<\/p>\n\n\n\n<figure class=\"wp-block-image size-large\"><img fetchpriority=\"high\" decoding=\"async\" width=\"1024\" height=\"682\" src=\"https:\/\/entretormentas.com\/wp-content\/uploads\/2025\/03\/image-339-1024x682.png\" alt=\"\" class=\"wp-image-14368\" srcset=\"https:\/\/entretormentas.com\/wp-content\/uploads\/2025\/03\/image-339-1024x682.png 1024w, https:\/\/entretormentas.com\/wp-content\/uploads\/2025\/03\/image-339-300x200.png 300w, https:\/\/entretormentas.com\/wp-content\/uploads\/2025\/03\/image-339-768x512.png 768w, https:\/\/entretormentas.com\/wp-content\/uploads\/2025\/03\/image-339.png 1280w\" sizes=\"(max-width: 1024px) 100vw, 1024px\" \/><\/figure>\n\n\n\n<p>La jornada de distribuci\u00f3n de ayuda organizada por la Alcald\u00eda de San Francisco, estuvo dirigida a las comunidades mayormente afectadas por las lluvias, entre ellas el barrio 28 de Diciembre, 24 de Julio, barrio Universidad, barrio Alberto Carnevalli, Adam Sthormes y Negro Primero en donde se atendieron 75 familias a trav\u00e9s de la gerencia de Desarrollo Social y Participaci\u00f3n Ciudadana, Damasur y la Secretar\u00eda Municipal.<\/p>\n\n\n\n<p>\u00abHoy estaremos entregando 75 colchones matrimoniales y unos 54 colchones individuales, ventiladores, as\u00ed como tambi\u00e9n alimentos a las familias m\u00e1s afectadas\u00bb, manifest\u00f3 Fern\u00e1ndez. Adem\u00e1s, insisti\u00f3 en que los ciudadanos deben colaborar con la limpieza de las ca\u00f1adas evitando lanzar desechos en las mismas, \u00abla gente contin\u00faa lanzando objetos en las ca\u00f1adas, lavadoras, cajones de aires acondicionados, troncos, ramas, muebles, adem\u00e1s de basura, por lo que el d\u00eda de ayer se vieron afectados estos sectores\u00bb, precis\u00f3 el titular municipal.<\/p>\n\n\n\n<figure class=\"wp-block-image size-large\"><img decoding=\"async\" width=\"1024\" height=\"768\" src=\"https:\/\/entretormentas.com\/wp-content\/uploads\/2025\/03\/image-340-1024x768.png\" alt=\"\" class=\"wp-image-14369\" srcset=\"https:\/\/entretormentas.com\/wp-content\/uploads\/2025\/03\/image-340-1024x768.png 1024w, https:\/\/entretormentas.com\/wp-content\/uploads\/2025\/03\/image-340-300x225.png 300w, https:\/\/entretormentas.com\/wp-content\/uploads\/2025\/03\/image-340-768x576.png 768w, https:\/\/entretormentas.com\/wp-content\/uploads\/2025\/03\/image-340.png 1280w\" sizes=\"(max-width: 1024px) 100vw, 1024px\" \/><\/figure>\n\n\n\n<p>Por \u00faltimo, el alcalde Gustavo Fern\u00e1ndez destac\u00f3 el gran trabajo que se est\u00e1 ejecutando desde la gerencia de Infraestructura y Operaciones, pertenecientes al ayuntamiento sure\u00f1o, as\u00ed como tambi\u00e9n las labores del equipo de Desarrollo Social y Participaci\u00f3n Ciudadana, quienes siempre est\u00e1n al pendiente de atender a los ciudadanos directamente en el sitio, brindando ayuda y soluciones de manera inmediata.<\/p>\n\n\n\n<p>Este labor social va de la mano con el trabajo inmediato de saneamiento en las ca\u00f1adas por parte de los equipos de infraestructura, operaciones e Imasur, removiendo los desechos s\u00f3lidos y vegetales para lograr la correcta fluidez del cauce de las ca\u00f1adas que colindan la geograf\u00eda municipal.<br><strong><em>ET \/ Alcald\u00eda de San Francisco<\/em><\/strong><\/p>\n","protected":false},"excerpt":{"rendered":"<p>ENTRE TORMENTAS. Desde la Alcald\u00eda de San Francisco, la gesti\u00f3n del alcalde Gustavo Fern\u00e1ndez, contin\u00faa&#8230;<\/p>\n","protected":false},"author":2,"featured_media":14367,"comment_status":"closed","ping_status":"open","sticky":false,"template":"","format":"standard","meta":{"footnotes":""},"categories":[1],"tags":[],"class_list":["post-14366","post","type-post","status-publish","format-standard","has-post-thumbnail","hentry","category-regionales"],"_links":{"self":[{"href":"https:\/\/entretormentas.com\/index.php?rest_route=\/wp\/v2\/posts\/14366","targetHints":{"allow":["GET"]}}],"collection":[{"href":"https:\/\/entretormentas.com\/index.php?rest_route=\/wp\/v2\/posts"}],"about":[{"href":"https:\/\/entretormentas.com\/index.php?rest_route=\/wp\/v2\/types\/post"}],"author":[{"embeddable":true,"href":"https:\/\/entretormentas.com\/index.php?rest_route=\/wp\/v2\/users\/2"}],"replies":[{"embeddable":true,"href":"https:\/\/entretormentas.com\/index.php?rest_route=%2Fwp%2Fv2%2Fcomments&post=14366"}],"version-history":[{"count":1,"href":"https:\/\/entretormentas.com\/index.php?rest_route=\/wp\/v2\/posts\/14366\/revisions"}],"predecessor-version":[{"id":14370,"href":"https:\/\/entretormentas.com\/index.php?rest_route=\/wp\/v2\/posts\/14366\/revisions\/14370"}],"wp:featuredmedia":[{"embeddable":true,"href":"https:\/\/entretormentas.com\/index.php?rest_route=\/wp\/v2\/media\/14367"}],"wp:attachment":[{"href":"https:\/\/entretormentas.com\/index.php?rest_route=%2Fwp%2Fv2%2Fmedia&parent=14366"}],"wp:term":[{"taxonomy":"category","embeddable":true,"href":"https:\/\/entretormentas.com\/index.php?rest_route=%2Fwp%2Fv2%2Fcategories&post=14366"},{"taxonomy":"post_tag","embeddable":true,"href":"https:\/\/entretormentas.com\/index.php?rest_route=%2Fwp%2Fv2%2Ftags&post=14366"}],"curies":[{"name":"wp","href":"https:\/\/api.w.org\/{rel}","templated":true}]}}