{"id":14417,"date":"2025-03-21T08:50:53","date_gmt":"2025-03-21T07:50:53","guid":{"rendered":"https:\/\/entretormentas.com\/?p=14417"},"modified":"2025-03-21T08:50:54","modified_gmt":"2025-03-21T07:50:54","slug":"secretaria-de-cultura-celebran-el-dia-mundial-de-la-poesia-y-del-titere-con-recital-y-una-funcion-especial","status":"publish","type":"post","link":"https:\/\/entretormentas.com\/secretaria-de-cultura-celebran-el-dia-mundial-de-la-poesia-y-del-titere-con-recital-y-una-funcion-especial\/","title":{"rendered":"\u00a1SECRETAR\u00cdA DE CULTURA! Celebran el D\u00eda Mundial de la Poes\u00eda y del T\u00edtere con recital y una funci\u00f3n especial"},"content":{"rendered":"\n<p><strong>ENTRE TORMENTAS. <\/strong>Este viernes 21 de marzo, la Secretar\u00eda de Cultura del estado Zulia celebrar\u00e1 el D\u00eda Mundial de la Poes\u00eda y del T\u00edtere con una programaci\u00f3n especial que tendr\u00e1 lugar en el emblem\u00e1tico edificio Andr\u00e9s Eloy Blanco del Centro de Formaci\u00f3n Art\u00edstica, a partir de las 4:00 de la tarde.<\/p>\n\n\n\n<p>Para conmemorar estas expresiones art\u00edsticas, la Secretar\u00eda de Cultura ha organizado dos actividades simult\u00e1neas que rendir\u00e1n homenaje a poetas y titiriteros. Estas iniciativas forman parte de la rica diversidad art\u00edstica que caracteriza al edificio, que se erige como un punto de encuentro para el impulso cultural en la regi\u00f3n, promoviendo la creatividad, la innovaci\u00f3n y el talento humano.<\/p>\n\n\n\n<p><strong>Un recital po\u00e9tico-art\u00edstico<\/strong><br>En primer lugar, el grupo literario Bit\u00e1cora de Fuego, junto a los profesores de la Escuela de Teatro In\u00e9s Laredo, ofrecer\u00e1 un recital po\u00e9tico-art\u00edstico que combinar\u00e1 m\u00fasica y teatro. Esta puesta en escena busca resaltar el valor de la poes\u00eda en el coraz\u00f3n de los zulianos, invitando a todos a disfrutar de lo que las palabras pueden evocar.<\/p>\n\n\n\n<p>La poes\u00eda, en todas sus formas, se convierte en un puente entre generaciones, uniendo a la comunidad a trav\u00e9s de la belleza y la reflexi\u00f3n.<\/p>\n\n\n\n<figure class=\"wp-block-image size-large\"><img fetchpriority=\"high\" decoding=\"async\" width=\"767\" height=\"1024\" src=\"https:\/\/entretormentas.com\/wp-content\/uploads\/2025\/03\/image-366-767x1024.png\" alt=\"\" class=\"wp-image-14419\" srcset=\"https:\/\/entretormentas.com\/wp-content\/uploads\/2025\/03\/image-366-767x1024.png 767w, https:\/\/entretormentas.com\/wp-content\/uploads\/2025\/03\/image-366-225x300.png 225w, https:\/\/entretormentas.com\/wp-content\/uploads\/2025\/03\/image-366-768x1025.png 768w, https:\/\/entretormentas.com\/wp-content\/uploads\/2025\/03\/image-366.png 809w\" sizes=\"(max-width: 767px) 100vw, 767px\" \/><\/figure>\n\n\n\n<p><strong>Celebrando el arte del t\u00edtere<\/strong><br>Paralelamente, la Escuela de T\u00edteres Fabi\u00e1n de Le\u00f3n y el grupo de Teatro de T\u00edteres Mu\u00f1eco Garabato presentar\u00e1n un espect\u00e1culo que promete encantar a todas las edades.<\/p>\n\n\n\n<p>La Escuela de T\u00edteres, bajo la direcci\u00f3n de Richard Uzc\u00e1tegui, presentar\u00e1 la obra \u00abEl Baile de los Guarandoles\u00bb, que se destaca por el uso de t\u00edteres gigantes y narra el rom\u00e1ntico encuentro entre una pareja de p\u00e1jaros guarandoles a trav\u00e9s de una danza vibrante. La historia, rica en simbolismo, celebra el amor, el respeto y la vitalidad de la naturaleza, reflejando la realidad de los seres vivos a trav\u00e9s de la fauna local.<\/p>\n\n\n\n<p>Por otro lado, el grupo de Teatro de T\u00edteres Mu\u00f1eco Garabato deleitar\u00e1 al p\u00fablico con su presentaci\u00f3n \u00abLos cuentos de la abuela\u00bb. \u201cEsta entra\u00f1able pieza teatral nos introduce en el mundo de una abuela que comparte relatos con sus nietos: Eduardita, Ram\u00f3n y el Chino. En esta ocasi\u00f3n, la abuela les tiene preparada una sorpresa muy especial: cuentos que rinden homenaje a la zulianidad. A trav\u00e9s de sus narraciones, destacar\u00e1 la riqueza de la gastronom\u00eda, el humor caracter\u00edstico y los juegos tradicionales de la regi\u00f3n, inculcando en sus nietos el orgullo por sus ra\u00edces zulianas\u201d, rese\u00f1\u00f3 la directora de la agrupaci\u00f3n, Mary Franco.<\/p>\n\n\n\n<p>El D\u00eda Mundial del T\u00edtere, celebrado cada 21 de marzo, es una iniciativa de la Uni\u00f3n Internacional de Marionetas (UNIMA) que busca promover el arte del t\u00edtere y defender las actividades laborales de sus profesionales, as\u00ed como su utilizaci\u00f3n como medio para una educaci\u00f3n \u00e9tica y est\u00e9tica.<\/p>\n\n\n\n<p>La Secretar\u00eda de Cultura del Zulia se une a esta doble conmemoraci\u00f3n mundial e invita al p\u00fablico a participar y disfrutar tanto de la poes\u00eda como del teatro de t\u00edteres que se fusionan para celebrar nuestra esencia zuliana.<br><strong><em>ET \/ Nota de Prensa<\/em><\/strong><\/p>\n\n\n\n<p><\/p>\n","protected":false},"excerpt":{"rendered":"<p>ENTRE TORMENTAS. Este viernes 21 de marzo, la Secretar\u00eda de Cultura del estado Zulia celebrar\u00e1&#8230;<\/p>\n","protected":false},"author":2,"featured_media":14418,"comment_status":"closed","ping_status":"open","sticky":false,"template":"","format":"standard","meta":{"footnotes":""},"categories":[1],"tags":[],"class_list":["post-14417","post","type-post","status-publish","format-standard","has-post-thumbnail","hentry","category-regionales"],"_links":{"self":[{"href":"https:\/\/entretormentas.com\/index.php?rest_route=\/wp\/v2\/posts\/14417","targetHints":{"allow":["GET"]}}],"collection":[{"href":"https:\/\/entretormentas.com\/index.php?rest_route=\/wp\/v2\/posts"}],"about":[{"href":"https:\/\/entretormentas.com\/index.php?rest_route=\/wp\/v2\/types\/post"}],"author":[{"embeddable":true,"href":"https:\/\/entretormentas.com\/index.php?rest_route=\/wp\/v2\/users\/2"}],"replies":[{"embeddable":true,"href":"https:\/\/entretormentas.com\/index.php?rest_route=%2Fwp%2Fv2%2Fcomments&post=14417"}],"version-history":[{"count":1,"href":"https:\/\/entretormentas.com\/index.php?rest_route=\/wp\/v2\/posts\/14417\/revisions"}],"predecessor-version":[{"id":14420,"href":"https:\/\/entretormentas.com\/index.php?rest_route=\/wp\/v2\/posts\/14417\/revisions\/14420"}],"wp:featuredmedia":[{"embeddable":true,"href":"https:\/\/entretormentas.com\/index.php?rest_route=\/wp\/v2\/media\/14418"}],"wp:attachment":[{"href":"https:\/\/entretormentas.com\/index.php?rest_route=%2Fwp%2Fv2%2Fmedia&parent=14417"}],"wp:term":[{"taxonomy":"category","embeddable":true,"href":"https:\/\/entretormentas.com\/index.php?rest_route=%2Fwp%2Fv2%2Fcategories&post=14417"},{"taxonomy":"post_tag","embeddable":true,"href":"https:\/\/entretormentas.com\/index.php?rest_route=%2Fwp%2Fv2%2Ftags&post=14417"}],"curies":[{"name":"wp","href":"https:\/\/api.w.org\/{rel}","templated":true}]}}