{"id":14421,"date":"2025-03-21T08:53:49","date_gmt":"2025-03-21T07:53:49","guid":{"rendered":"https:\/\/entretormentas.com\/?p=14421"},"modified":"2025-03-21T08:53:50","modified_gmt":"2025-03-21T07:53:50","slug":"cooperativas-de-carga-pesada-transportistas-exigen-al-alcalde-de-rosario-de-perija-ser-anexados-a-la-ordenanza-de-actividades-economicas","status":"publish","type":"post","link":"https:\/\/entretormentas.com\/cooperativas-de-carga-pesada-transportistas-exigen-al-alcalde-de-rosario-de-perija-ser-anexados-a-la-ordenanza-de-actividades-economicas\/","title":{"rendered":"\u00a1COOPERATIVAS DE CARGA PESADA! Transportistas exigen al alcalde de Rosario de Perij\u00e1 ser anexados a la Ordenanza de Actividades Econ\u00f3micas"},"content":{"rendered":"\n<p><strong>ENTRE TORMENTAS.<\/strong> M\u00e1s de 240 Gandoleros representados en cuatro cooperativas de transporte pesado exigen al alcalde de Rosario de Perij\u00e1, Ely Ram\u00f3n Atencio, una mesa de trabajo junto a la C\u00e1mara Municipal de la localidad, con el fin de llegar a un acuerdo de incorporaci\u00f3n como gremio de la carga pesada a la Ordenanza de Actividades Econ\u00f3micas referente a la carga de diferentes tipos de Minerales, y Cualquier Tipo de Carga Pesada, que se genere en el municipio.<\/p>\n\n\n\n<p>Los presidentes de las cooperativas Acoptravi, Comibotrape, Utralez y Asostramibol se quedaron esperando un derecho de palabra en la Camara Municipal, donde suspendieron la sesion para este viernes por motivos personales de la presidenta de la camara.<\/p>\n\n\n\n<p>Por su parte, Reinier Carmona, directivo de la cooperativa dijo:<br>\u00abNos convocaron para ma\u00f1ana luego que hoy nos dijeran que tenemos el derecho de palabra, bueno esperemos para ma\u00f1ana para llegar a un acuerdo de participacion en la ordenanza de actividades economicas del municipio\u00bb.<\/p>\n\n\n\n<p>Hizo un llamado al presidente de Corpozulia, G\/J N\u00e9stor Reverol, para que los atienda y as\u00ed exponer su situaci\u00f3n.<\/p>\n\n\n\n<p>Carmona recalc\u00f3 que es importante el derecho a la participaci\u00f3n al Trabajo, ya que las empresas est\u00e1n en ese territorio y por lo tanto tienen prioridad, ya que est\u00e1 afectando a mas de mil 800 personas de manera directa e indirecta.<br><strong><em>ET \/ Nota de Prensa<\/em><\/strong><\/p>\n","protected":false},"excerpt":{"rendered":"<p>ENTRE TORMENTAS. M\u00e1s de 240 Gandoleros representados en cuatro cooperativas de transporte pesado exigen al&#8230;<\/p>\n","protected":false},"author":2,"featured_media":14422,"comment_status":"closed","ping_status":"open","sticky":false,"template":"","format":"standard","meta":{"footnotes":""},"categories":[1],"tags":[],"class_list":["post-14421","post","type-post","status-publish","format-standard","has-post-thumbnail","hentry","category-regionales"],"_links":{"self":[{"href":"https:\/\/entretormentas.com\/index.php?rest_route=\/wp\/v2\/posts\/14421","targetHints":{"allow":["GET"]}}],"collection":[{"href":"https:\/\/entretormentas.com\/index.php?rest_route=\/wp\/v2\/posts"}],"about":[{"href":"https:\/\/entretormentas.com\/index.php?rest_route=\/wp\/v2\/types\/post"}],"author":[{"embeddable":true,"href":"https:\/\/entretormentas.com\/index.php?rest_route=\/wp\/v2\/users\/2"}],"replies":[{"embeddable":true,"href":"https:\/\/entretormentas.com\/index.php?rest_route=%2Fwp%2Fv2%2Fcomments&post=14421"}],"version-history":[{"count":1,"href":"https:\/\/entretormentas.com\/index.php?rest_route=\/wp\/v2\/posts\/14421\/revisions"}],"predecessor-version":[{"id":14423,"href":"https:\/\/entretormentas.com\/index.php?rest_route=\/wp\/v2\/posts\/14421\/revisions\/14423"}],"wp:featuredmedia":[{"embeddable":true,"href":"https:\/\/entretormentas.com\/index.php?rest_route=\/wp\/v2\/media\/14422"}],"wp:attachment":[{"href":"https:\/\/entretormentas.com\/index.php?rest_route=%2Fwp%2Fv2%2Fmedia&parent=14421"}],"wp:term":[{"taxonomy":"category","embeddable":true,"href":"https:\/\/entretormentas.com\/index.php?rest_route=%2Fwp%2Fv2%2Fcategories&post=14421"},{"taxonomy":"post_tag","embeddable":true,"href":"https:\/\/entretormentas.com\/index.php?rest_route=%2Fwp%2Fv2%2Ftags&post=14421"}],"curies":[{"name":"wp","href":"https:\/\/api.w.org\/{rel}","templated":true}]}}