{"id":14433,"date":"2025-03-21T09:05:22","date_gmt":"2025-03-21T08:05:22","guid":{"rendered":"https:\/\/entretormentas.com\/?p=14433"},"modified":"2025-03-21T09:05:23","modified_gmt":"2025-03-21T08:05:23","slug":"con-la-fe-intacta-la-vinotinto-enfrenta-a-ecuador-con-ansias-y-necesidad-de-ganar","status":"publish","type":"post","link":"https:\/\/entretormentas.com\/con-la-fe-intacta-la-vinotinto-enfrenta-a-ecuador-con-ansias-y-necesidad-de-ganar\/","title":{"rendered":"\u00a1CON LA FE INTACTA! La Vinotinto enfrenta a Ecuador con ansias y necesidad de ganar"},"content":{"rendered":"\n<p><strong>ENTRE TORMENTAS.<\/strong> Las selecciones de Ecuador y Venezuela se enfrentan este viernes en la decimotercera jornada de las eliminatorias sudamericanas para el Mundial de 2026 en situaciones distintas, con los ecuatorianos en busca de consolidarse en la parte alta de la clasificaci\u00f3n y los venezolanos con la necesidad de puntuar.<\/p>\n\n\n\n<p>El combinado ecuatoriano, que dirige el argentino Sebasti\u00e1n Beccacece, figura en la quinta posici\u00f3n con 19 puntos, a pesar de haber comenzado el proceso con -3 unidades por la sanci\u00f3n que le impuso el Tribunal de Arbitraje Deportivo (TAS) por el caso Byron Castillo.<\/p>\n\n\n\n<p>Los venezolanos, al mando del tambi\u00e9n argentino Fernando Batista, se encuentran en la octava plaza con 12 puntos, a uno de los 13 enteros de Bolivia, que ocupa el s\u00e9ptimo lugar que da acceso a la repesca para la Copa del Mundo.<\/p>\n\n\n\n<p>Ecuador se mantiene invicto como local en estas eliminatorias con cuatro triunfos y tres empates, y en las \u00faltimas cinco fechas ha mantenido su arco a cero, lo que le sirvi\u00f3 para sumar tres victorias y dos empates.<\/p>\n\n\n\n<p>Entretanto, la \u2018Vinotinto\u2019 acumula ocho fechas sin ganar en eliminatorias, y de visitante solo ha logrado dos empates en seis encuentros. Los antecedentes con Ecuador revelan que solo ha ganado una de las ocho veces que ha visitado a la \u2018Tri\u2019 en torneos de clasificaci\u00f3n para el Mundial.<\/p>\n\n\n\n<p>Ecuador cerr\u00f3 el 2024 con una sonada victoria por 0-1 a domicilio de Colombia, a pesar de haber jugado con un hombre menos durante 61 minutos, por la expulsi\u00f3n del defensa Piero Hincapi\u00e9.<\/p>\n\n\n\n<p>Ambos equipos afrontan este partido con bajas sensibles en defensa que obligar\u00e1n a sus respectivos t\u00e9cnicos a armar l\u00edneas defensivas in\u00e9ditas.<\/p>\n\n\n\n<figure class=\"wp-block-image size-full\"><img fetchpriority=\"high\" decoding=\"async\" width=\"1002\" height=\"560\" src=\"https:\/\/entretormentas.com\/wp-content\/uploads\/2025\/03\/image-374.png\" alt=\"\" class=\"wp-image-14435\" srcset=\"https:\/\/entretormentas.com\/wp-content\/uploads\/2025\/03\/image-374.png 1002w, https:\/\/entretormentas.com\/wp-content\/uploads\/2025\/03\/image-374-300x168.png 300w, https:\/\/entretormentas.com\/wp-content\/uploads\/2025\/03\/image-374-768x429.png 768w\" sizes=\"(max-width: 1002px) 100vw, 1002px\" \/><\/figure>\n\n\n\n<p><strong>LAS FICHAS DE AMBAS ONCENAS<\/strong><br>En el cuadro ecuatoriano, a la suspensi\u00f3n de Hincapi\u00e9 tambi\u00e9n se suma la lesi\u00f3n del carrilero derecho \u00c1ngelo Preciado y del izquierdo Jhoanner Ch\u00e1vez, y en ataque tampoco contar\u00e1 con Alan Minda y Leonardo Campana.<\/p>\n\n\n\n<p>Las alternativas de Beccacece para reemplazar estas ausencias son amplias, y el nivel de juego de la mayor\u00eda de ellos en sus respectivos clubes ampl\u00eda la posibilidad para sostener la imbatibilidad de la \u2018Tri\u2019.<\/p>\n\n\n\n<p>Alan Franco puede aparecer por el lado derecho en lugar de Preciado, y el juvenil Kenny Arroyo o Janner Corozo pueden hacer lo propio por la banda izquierda para cubrir la posici\u00f3n de Minda.<\/p>\n\n\n\n<p>En la selecci\u00f3n venezolana no estar\u00e1n los defensas Rub\u00e9n Ram\u00edrez, Miguel Navarro ni Yordan Osorio por lesi\u00f3n, y tampoco Jon Aramburu y Wilker \u00c1ngel por suspensi\u00f3n debido a la acumulaci\u00f3n de tarjetas amarillas.<\/p>\n\n\n\n<p>As\u00ed, \u2018Bocha\u2019 Batista no s\u00f3lo deber\u00e1 buscar la forma de detener el baj\u00f3n futbol\u00edstico de la \u2018Vinotinto\u2019 en las eliminatorias, sino que deber\u00e1 hacerlo con una l\u00ednea defensiva in\u00e9dita en la que probablemente ser\u00e1n titulares Delvin Alfonzo, Nahuel Ferraresi, Josua Mej\u00edas y Christian Makoun.<\/p>\n\n\n\n<p><strong>ALINEACIONES:<br>Ecuador: Hern\u00e1n <\/strong>Gal\u00edndez; F\u00e9lix Torres, William Pacho, Joel Ord\u00f3\u00f1ez; Alan Franco, Mois\u00e9s Caicedo, Pedro Vite, Pervis Estupi\u00f1an; Kenny Arroyo, Gonzalo Plata y Enner Valencia. Seleccionador: Sebasti\u00e1n Beccacece.<\/p>\n\n\n\n<p><strong>Venezuela:<\/strong> Rafael Romo; Delvin Alfonzo, Nahuel Ferraresi, Josua Mej\u00edas, Christian Makoun; Jos\u00e9 Mart\u00ednez, Tom\u00e1s Rinc\u00f3n, Yefferson Savarino, Telasco Segovia, Yeferson Soteldo y Salom\u00f3n Rond\u00f3n. Seleccionador: Fernando Batista.<\/p>\n\n\n\n<p><strong>\u00c1rbitro:<\/strong> Ram\u00f3n Abatti, de Brasil, asistido desde el VAR por su compatriota Rodolfo Toski.<\/p>\n\n\n\n<p><strong>Estadio:<\/strong> Rodrigo Paz Delgado, de Quito.<\/p>\n\n\n\n<p><strong>Hora:<\/strong> 5:30 pm<br><strong><em>ET \/ EFE<\/em><\/strong><\/p>\n\n\n\n<p><\/p>\n","protected":false},"excerpt":{"rendered":"<p>ENTRE TORMENTAS. Las selecciones de Ecuador y Venezuela se enfrentan este viernes en la decimotercera&#8230;<\/p>\n","protected":false},"author":2,"featured_media":14434,"comment_status":"closed","ping_status":"open","sticky":false,"template":"","format":"standard","meta":{"footnotes":""},"categories":[57,53],"tags":[],"class_list":["post-14433","post","type-post","status-publish","format-standard","has-post-thumbnail","hentry","category-actualidad","category-deportes"],"_links":{"self":[{"href":"https:\/\/entretormentas.com\/index.php?rest_route=\/wp\/v2\/posts\/14433","targetHints":{"allow":["GET"]}}],"collection":[{"href":"https:\/\/entretormentas.com\/index.php?rest_route=\/wp\/v2\/posts"}],"about":[{"href":"https:\/\/entretormentas.com\/index.php?rest_route=\/wp\/v2\/types\/post"}],"author":[{"embeddable":true,"href":"https:\/\/entretormentas.com\/index.php?rest_route=\/wp\/v2\/users\/2"}],"replies":[{"embeddable":true,"href":"https:\/\/entretormentas.com\/index.php?rest_route=%2Fwp%2Fv2%2Fcomments&post=14433"}],"version-history":[{"count":1,"href":"https:\/\/entretormentas.com\/index.php?rest_route=\/wp\/v2\/posts\/14433\/revisions"}],"predecessor-version":[{"id":14436,"href":"https:\/\/entretormentas.com\/index.php?rest_route=\/wp\/v2\/posts\/14433\/revisions\/14436"}],"wp:featuredmedia":[{"embeddable":true,"href":"https:\/\/entretormentas.com\/index.php?rest_route=\/wp\/v2\/media\/14434"}],"wp:attachment":[{"href":"https:\/\/entretormentas.com\/index.php?rest_route=%2Fwp%2Fv2%2Fmedia&parent=14433"}],"wp:term":[{"taxonomy":"category","embeddable":true,"href":"https:\/\/entretormentas.com\/index.php?rest_route=%2Fwp%2Fv2%2Fcategories&post=14433"},{"taxonomy":"post_tag","embeddable":true,"href":"https:\/\/entretormentas.com\/index.php?rest_route=%2Fwp%2Fv2%2Ftags&post=14433"}],"curies":[{"name":"wp","href":"https:\/\/api.w.org\/{rel}","templated":true}]}}