{"id":14437,"date":"2025-03-21T09:07:14","date_gmt":"2025-03-21T08:07:14","guid":{"rendered":"https:\/\/entretormentas.com\/?p=14437"},"modified":"2025-03-21T09:07:15","modified_gmt":"2025-03-21T08:07:15","slug":"lo-senala-de-secuestrador-cabello-acusa-a-bukele-de-cobrar-dos-mil-dolares-por-cada-venezolano","status":"publish","type":"post","link":"https:\/\/entretormentas.com\/lo-senala-de-secuestrador-cabello-acusa-a-bukele-de-cobrar-dos-mil-dolares-por-cada-venezolano\/","title":{"rendered":"\u00a1LO SE\u00d1ALA DE SECUESTRADOR! Cabello acusa a Bukele de cobrar dos mil d\u00f3lares por cada venezolano"},"content":{"rendered":"\n<p><strong>ENTRE TORMENTAS.<\/strong> Diosdado Cabello, secretario general del Partido Socialista Unido de Venezula (PSUV), lanz\u00f3 duras cr\u00edticas contra el presidente de El Salvador, Nayib Bukele, durante la emisi\u00f3n de su programa \u2018Con el Mazo Dando\u2019.<\/p>\n\n\n\n<p>Cabello calific\u00f3 al mandatario salvadore\u00f1o como \u201ccachorro\u201d y \u201clacayo\u201d del imperialismo, luego de que Bukele recibiera a m\u00e1s de 200 migrantes venezolanos deportados desde Estados Unidos para encarcelarlos en una c\u00e1rcel de m\u00e1xima seguridad destinada a pandilleros y terroristas.<\/p>\n\n\n\n<p>Del mismo modo, tambi\u00e9n cuestion\u00f3 la conducta de Bukele y record\u00f3 su postura cr\u00edtica desde el ascenso del salvadore\u00f1o al poder. \u201cHay que ser muy, muy arrastrado para hacer lo que hace Bukele. Yo le digo as\u00ed, esto no es nuevo, desde que recibi\u00f3 la presidencia he dicho que es un fascista, desde que se asom\u00f3 en la pol\u00edtica y lo que hago es confirmarlo ahora\u201d, afirm\u00f3.<\/p>\n\n\n\n<p>Cabello asegur\u00f3 que \u00able pagan seis millones de d\u00f3lares, le pagaron ahorita, pero adem\u00e1s cobra dos mil d\u00f3lares por cada venezolano secuestrado, Bukele es un secuestrador, tiene secuestrados venezolanos y por ellos cobra recompensa y el mundo no dice nada\u201d, denunci\u00f3.<\/p>\n\n\n\n<p>\u201cLo grande es que nosotros conocemos los personajes y ustedes ver\u00e1n a Bukele m\u00e1s temprano que tarde en manos de la justicia norteamericana \u00a1se la van a cobrar! Ellos creen que son amigos de EEUU\u2026 \u00a1Qu\u00e9 ilusos Dios m\u00edo! No son unos cachorros, son unos cachorritos\u201d, concluy\u00f3.<br><strong><em>ET \/ Noticiero Digital<\/em><\/strong><\/p>\n\n\n\n<p><\/p>\n","protected":false},"excerpt":{"rendered":"<p>ENTRE TORMENTAS. Diosdado Cabello, secretario general del Partido Socialista Unido de Venezula (PSUV), lanz\u00f3 duras&#8230;<\/p>\n","protected":false},"author":2,"featured_media":14438,"comment_status":"closed","ping_status":"open","sticky":false,"template":"","format":"standard","meta":{"footnotes":""},"categories":[57,49],"tags":[],"class_list":["post-14437","post","type-post","status-publish","format-standard","has-post-thumbnail","hentry","category-actualidad","category-nacionales"],"_links":{"self":[{"href":"https:\/\/entretormentas.com\/index.php?rest_route=\/wp\/v2\/posts\/14437","targetHints":{"allow":["GET"]}}],"collection":[{"href":"https:\/\/entretormentas.com\/index.php?rest_route=\/wp\/v2\/posts"}],"about":[{"href":"https:\/\/entretormentas.com\/index.php?rest_route=\/wp\/v2\/types\/post"}],"author":[{"embeddable":true,"href":"https:\/\/entretormentas.com\/index.php?rest_route=\/wp\/v2\/users\/2"}],"replies":[{"embeddable":true,"href":"https:\/\/entretormentas.com\/index.php?rest_route=%2Fwp%2Fv2%2Fcomments&post=14437"}],"version-history":[{"count":1,"href":"https:\/\/entretormentas.com\/index.php?rest_route=\/wp\/v2\/posts\/14437\/revisions"}],"predecessor-version":[{"id":14439,"href":"https:\/\/entretormentas.com\/index.php?rest_route=\/wp\/v2\/posts\/14437\/revisions\/14439"}],"wp:featuredmedia":[{"embeddable":true,"href":"https:\/\/entretormentas.com\/index.php?rest_route=\/wp\/v2\/media\/14438"}],"wp:attachment":[{"href":"https:\/\/entretormentas.com\/index.php?rest_route=%2Fwp%2Fv2%2Fmedia&parent=14437"}],"wp:term":[{"taxonomy":"category","embeddable":true,"href":"https:\/\/entretormentas.com\/index.php?rest_route=%2Fwp%2Fv2%2Fcategories&post=14437"},{"taxonomy":"post_tag","embeddable":true,"href":"https:\/\/entretormentas.com\/index.php?rest_route=%2Fwp%2Fv2%2Ftags&post=14437"}],"curies":[{"name":"wp","href":"https:\/\/api.w.org\/{rel}","templated":true}]}}