{"id":14447,"date":"2025-03-21T09:14:28","date_gmt":"2025-03-21T08:14:28","guid":{"rendered":"https:\/\/entretormentas.com\/?p=14447"},"modified":"2025-03-21T09:14:29","modified_gmt":"2025-03-21T08:14:29","slug":"dice-que-no-se-puede-olvidar-el-origen-de-la-crisis-capriles-responsabiliza-a-maduro-de-la-migracion-venezolana","status":"publish","type":"post","link":"https:\/\/entretormentas.com\/dice-que-no-se-puede-olvidar-el-origen-de-la-crisis-capriles-responsabiliza-a-maduro-de-la-migracion-venezolana\/","title":{"rendered":"\u00a1DICE QUE NO SE PUEDE OLVIDAR EL ORIGEN DE LA CRISIS! Capriles responsabiliza a Maduro de la \u00abmigraci\u00f3n venezolana\u00bb"},"content":{"rendered":"\n<p><strong>ENTRE TORMENTAS. <\/strong>Henrique Capriles Radonski, exgobernador del estado Miranda y excandidato a la presidencia de Venezuela, responsabiliz\u00f3 al actual mandatario Nicol\u00e1s Maduro de la salida de connacionales a otros pa\u00edses en busca de una mejor calidad de vida, y tambi\u00e9n de la existencia de presos pol\u00edticos en el territorio nacional.<\/p>\n\n\n\n<p>El pol\u00edtico hizo referencia a dichos temas en una transmisi\u00f3n en vivo en su cuenta de Instagram, asegurando que Maduro es el \u00fanico responsable de la migraci\u00f3n y que exista una comunidad de presos pol\u00edticos todav\u00eda en Venezuela.<\/p>\n\n\n\n<figure class=\"wp-block-image size-full\"><img fetchpriority=\"high\" decoding=\"async\" width=\"800\" height=\"450\" src=\"https:\/\/entretormentas.com\/wp-content\/uploads\/2025\/03\/image-379.png\" alt=\"\" class=\"wp-image-14449\" srcset=\"https:\/\/entretormentas.com\/wp-content\/uploads\/2025\/03\/image-379.png 800w, https:\/\/entretormentas.com\/wp-content\/uploads\/2025\/03\/image-379-300x169.png 300w, https:\/\/entretormentas.com\/wp-content\/uploads\/2025\/03\/image-379-768x432.png 768w\" sizes=\"(max-width: 800px) 100vw, 800px\" \/><\/figure>\n\n\n\n<p>\u00abHoy los responsables de la migraci\u00f3n marchan en defensa de los migrantes, m\u00e1s cara dura no pueden ser. La migraci\u00f3n empez\u00f3 hace m\u00e1s de 10 a\u00f1os y Maduro tiene 12 a\u00f1os en Miraflores\u00bb, se\u00f1al\u00f3 el dirigente pol\u00edtico.<\/p>\n\n\n\n<p>El comentario de Capriles sale a la luz luego que el oficialismo efectuara una marcha y recolecci\u00f3n de firmas en solidaridad con los migrantes que fueron trasladados a una c\u00e1rcel de El Salvador, tras un env\u00edo de aviones desde Estados Unidos, por decisi\u00f3n del mandatario Donald Trump.<\/p>\n\n\n\n<p>\u00ab\u00bfSe puede ser m\u00e1s cara dura? O sea, el responsable de estar en el poder, son los responsables (de la migraci\u00f3n), no es la oposici\u00f3n porque no ha sido gobierno, y el balance en 2025 es que Venezuela es uno de los pa\u00edses con mayor migraci\u00f3n en la historia del planeta\u00bb, remarc\u00f3 Capriles Radonski.<br><strong><em>ET \/ Agencias<\/em><\/strong><\/p>\n","protected":false},"excerpt":{"rendered":"<p>ENTRE TORMENTAS. Henrique Capriles Radonski, exgobernador del estado Miranda y excandidato a la presidencia de&#8230;<\/p>\n","protected":false},"author":2,"featured_media":14448,"comment_status":"closed","ping_status":"open","sticky":false,"template":"","format":"standard","meta":{"footnotes":""},"categories":[56,49],"tags":[],"class_list":["post-14447","post","type-post","status-publish","format-standard","has-post-thumbnail","hentry","category-destacadas","category-nacionales"],"_links":{"self":[{"href":"https:\/\/entretormentas.com\/index.php?rest_route=\/wp\/v2\/posts\/14447","targetHints":{"allow":["GET"]}}],"collection":[{"href":"https:\/\/entretormentas.com\/index.php?rest_route=\/wp\/v2\/posts"}],"about":[{"href":"https:\/\/entretormentas.com\/index.php?rest_route=\/wp\/v2\/types\/post"}],"author":[{"embeddable":true,"href":"https:\/\/entretormentas.com\/index.php?rest_route=\/wp\/v2\/users\/2"}],"replies":[{"embeddable":true,"href":"https:\/\/entretormentas.com\/index.php?rest_route=%2Fwp%2Fv2%2Fcomments&post=14447"}],"version-history":[{"count":1,"href":"https:\/\/entretormentas.com\/index.php?rest_route=\/wp\/v2\/posts\/14447\/revisions"}],"predecessor-version":[{"id":14450,"href":"https:\/\/entretormentas.com\/index.php?rest_route=\/wp\/v2\/posts\/14447\/revisions\/14450"}],"wp:featuredmedia":[{"embeddable":true,"href":"https:\/\/entretormentas.com\/index.php?rest_route=\/wp\/v2\/media\/14448"}],"wp:attachment":[{"href":"https:\/\/entretormentas.com\/index.php?rest_route=%2Fwp%2Fv2%2Fmedia&parent=14447"}],"wp:term":[{"taxonomy":"category","embeddable":true,"href":"https:\/\/entretormentas.com\/index.php?rest_route=%2Fwp%2Fv2%2Fcategories&post=14447"},{"taxonomy":"post_tag","embeddable":true,"href":"https:\/\/entretormentas.com\/index.php?rest_route=%2Fwp%2Fv2%2Ftags&post=14447"}],"curies":[{"name":"wp","href":"https:\/\/api.w.org\/{rel}","templated":true}]}}