{"id":14465,"date":"2025-03-22T11:43:17","date_gmt":"2025-03-22T10:43:17","guid":{"rendered":"https:\/\/entretormentas.com\/?p=14465"},"modified":"2025-03-22T11:43:18","modified_gmt":"2025-03-22T10:43:18","slug":"comandante-de-bomberos-de-san-francisco-plan-paraguas-minimizo-el-riesgo-de-inundaciones-en-el-municipio","status":"publish","type":"post","link":"https:\/\/entretormentas.com\/comandante-de-bomberos-de-san-francisco-plan-paraguas-minimizo-el-riesgo-de-inundaciones-en-el-municipio\/","title":{"rendered":"COMANDANTE DE BOMBEROS DE SAN FRANCISCO: \u201cPlan Paraguas minimiz\u00f3 el riesgo de inundaciones en el municipio\u201d"},"content":{"rendered":"\n<p><strong>ENTRE TORMENTAS.<\/strong> Gracias al Plan Paraguas, implementado por la alcald\u00eda de San Francisco, bajo la gesti\u00f3n del alcalde Gustavo Fern\u00e1ndez, se pudo actuar con rapidez y eficacia en la lluvia del pasado lunes. Este plan estrat\u00e9gico no solo permiti\u00f3 una mejor coordinaci\u00f3n en las labores de atenci\u00f3n y asistencia, sino que tambi\u00e9n sirvi\u00f3 como un marco preventivo para mitigar los efectos del aguacero.<\/p>\n\n\n\n<p>El trabajo en equipo en la planificaci\u00f3n y ejecuci\u00f3n de este programa fue importante para salvaguardar la seguridad de los ciudadanos y minimizar da\u00f1os materiales, as\u00ed lo afirma John Bravo, comandante del Cuerpo de Bomberos de San Francisco y jefe de la Zona Operativa de Evaluaci\u00f3n de Da\u00f1os y An\u00e1lisis de Necesidades (Zoedan) Zulia.<\/p>\n\n\n\n<figure class=\"wp-block-image size-large\"><img fetchpriority=\"high\" decoding=\"async\" width=\"1024\" height=\"680\" src=\"https:\/\/entretormentas.com\/wp-content\/uploads\/2025\/03\/image-388-1024x680.png\" alt=\"\" class=\"wp-image-14466\" srcset=\"https:\/\/entretormentas.com\/wp-content\/uploads\/2025\/03\/image-388-1024x680.png 1024w, https:\/\/entretormentas.com\/wp-content\/uploads\/2025\/03\/image-388-300x199.png 300w, https:\/\/entretormentas.com\/wp-content\/uploads\/2025\/03\/image-388-768x510.png 768w, https:\/\/entretormentas.com\/wp-content\/uploads\/2025\/03\/image-388.png 1280w\" sizes=\"(max-width: 1024px) 100vw, 1024px\" \/><\/figure>\n\n\n\n<p>\u201cDebemos tomar medidas efectivas y realizar nuestro trabajo preventivo, respaldado por un plan estrat\u00e9gico que la alcald\u00eda de San Francisco ha desarrollado como parte de la gesti\u00f3n del alcalde Gustavo Fern\u00e1ndez, conocido como el Plan Paraguas\u201d, inform\u00f3 Bravo.<\/p>\n\n\n\n<p>Destac\u00f3 que es responsabilidad del Cuerpo de Bomberos informar sobre los lugares donde podr\u00edan presentarse problemas, tal como ocurri\u00f3 el pasado lunes con las intensas lluvias. \u201cEn San Francisco se hizo un mapa de riesgo, por medio del cual el alcalde ha marcado algunas l\u00edneas de acci\u00f3n que van en beneficio de las comunidades, cuando ocurren estos eventos adversos\u201d, explic\u00f3 el comandante de los Bomberos, a la vez que record\u00f3 que la lluvia del pasado lunes, fue algo at\u00edpico.<\/p>\n\n\n\n<p>\u201cLa prevenci\u00f3n tiene que ser constante para poder evitar estas situaciones\u201d, dijo el comandante de los Bomberos, al lamentar lo ocurrido el lunes, detallando que las 7 parroquias se vieron afectadas por la cantidad de agua que cay\u00f3. \u201cA trav\u00e9s del Plan Paraguas se ha minimizado el riesgo en el municipio\u201d, refiri\u00f3 Bravo al comentar que el trabajo se sigue realizando, como en el caudal de la ca\u00f1ada La Silva, que parte del kil\u00f3metro 4 y finaliza en la avenida 5.<\/p>\n\n\n\n<p>\u201cLa situaci\u00f3n est\u00e1 controlada y seguimos trabajando, en conjunto con las dependencias de la alcald\u00eda de San Francisco\u201d, se\u00f1al\u00f3 el Comandante de<br>los Bomberos, asegurando que se sigue respondiendo a las solicitudes que hacen los vecinos y las comunidades, \u201csiempre estamos atentos y dando recomendaciones, revisando y actualizado los mapas de riesgo\u201d, dijo.<\/p>\n\n\n\n<figure class=\"wp-block-image size-large\"><img decoding=\"async\" width=\"1024\" height=\"768\" src=\"https:\/\/entretormentas.com\/wp-content\/uploads\/2025\/03\/image-390-1024x768.png\" alt=\"\" class=\"wp-image-14468\" srcset=\"https:\/\/entretormentas.com\/wp-content\/uploads\/2025\/03\/image-390-1024x768.png 1024w, https:\/\/entretormentas.com\/wp-content\/uploads\/2025\/03\/image-390-300x225.png 300w, https:\/\/entretormentas.com\/wp-content\/uploads\/2025\/03\/image-390-768x576.png 768w, https:\/\/entretormentas.com\/wp-content\/uploads\/2025\/03\/image-390.png 1080w\" sizes=\"(max-width: 1024px) 100vw, 1024px\" \/><\/figure>\n\n\n\n<p>\u201cTenemos una responsabilidad compartida, en las situaciones de riesgo, tanto la ciudadan\u00eda como nosotros\u201d, refiri\u00f3 el Comandante de los Bomberos, al hacer un llamado a la colectividad para que no utilice los cauces de las ca\u00f1adas como vertedero de basura, \u201cvemos con mucha preocupaci\u00f3n como neveras, cocinas, cualquier cosa, vienen arrastradas por esas aguas de las lluvias, porque hay personas que no colaboran con el buen desenvolvimiento del trabajo preventivo que se viene haciendo en el municipio\u201d, concluy\u00f3.<\/p>\n\n\n\n<p>Jhon Bravo aprovech\u00f3 la oportunidad para poner a disposici\u00f3n el n\u00famero de contacto del Cuerpo de Bomberos del Municipio San Francisco, para reportar cualquier situaci\u00f3n: 0412-126.35.74 a la vez que coment\u00f3 \u201cpueden llamar con toda confianza, all\u00ed les vamos a atender\u201d, recordando que la sede de este organismo est\u00e1 ubicada en la segunda etapa de la Zona Industrial.<br><strong><em>ET \/ Alcald\u00eda de San Francisco<\/em><\/strong><\/p>\n","protected":false},"excerpt":{"rendered":"<p>ENTRE TORMENTAS. Gracias al Plan Paraguas, implementado por la alcald\u00eda de San Francisco, bajo la&#8230;<\/p>\n","protected":false},"author":2,"featured_media":14467,"comment_status":"closed","ping_status":"open","sticky":false,"template":"","format":"standard","meta":{"footnotes":""},"categories":[1],"tags":[],"class_list":["post-14465","post","type-post","status-publish","format-standard","has-post-thumbnail","hentry","category-regionales"],"_links":{"self":[{"href":"https:\/\/entretormentas.com\/index.php?rest_route=\/wp\/v2\/posts\/14465","targetHints":{"allow":["GET"]}}],"collection":[{"href":"https:\/\/entretormentas.com\/index.php?rest_route=\/wp\/v2\/posts"}],"about":[{"href":"https:\/\/entretormentas.com\/index.php?rest_route=\/wp\/v2\/types\/post"}],"author":[{"embeddable":true,"href":"https:\/\/entretormentas.com\/index.php?rest_route=\/wp\/v2\/users\/2"}],"replies":[{"embeddable":true,"href":"https:\/\/entretormentas.com\/index.php?rest_route=%2Fwp%2Fv2%2Fcomments&post=14465"}],"version-history":[{"count":1,"href":"https:\/\/entretormentas.com\/index.php?rest_route=\/wp\/v2\/posts\/14465\/revisions"}],"predecessor-version":[{"id":14469,"href":"https:\/\/entretormentas.com\/index.php?rest_route=\/wp\/v2\/posts\/14465\/revisions\/14469"}],"wp:featuredmedia":[{"embeddable":true,"href":"https:\/\/entretormentas.com\/index.php?rest_route=\/wp\/v2\/media\/14467"}],"wp:attachment":[{"href":"https:\/\/entretormentas.com\/index.php?rest_route=%2Fwp%2Fv2%2Fmedia&parent=14465"}],"wp:term":[{"taxonomy":"category","embeddable":true,"href":"https:\/\/entretormentas.com\/index.php?rest_route=%2Fwp%2Fv2%2Fcategories&post=14465"},{"taxonomy":"post_tag","embeddable":true,"href":"https:\/\/entretormentas.com\/index.php?rest_route=%2Fwp%2Fv2%2Ftags&post=14465"}],"curies":[{"name":"wp","href":"https:\/\/api.w.org\/{rel}","templated":true}]}}