{"id":14470,"date":"2025-03-22T11:47:34","date_gmt":"2025-03-22T10:47:34","guid":{"rendered":"https:\/\/entretormentas.com\/?p=14470"},"modified":"2025-03-22T11:47:35","modified_gmt":"2025-03-22T10:47:35","slug":"accion-necesaria-alcaldia-de-maracaibo-avanza-en-un-50-con-limpieza-de-los-cementerios-municipales","status":"publish","type":"post","link":"https:\/\/entretormentas.com\/accion-necesaria-alcaldia-de-maracaibo-avanza-en-un-50-con-limpieza-de-los-cementerios-municipales\/","title":{"rendered":"\u00a1ACCI\u00d3N NECESARIA! Alcald\u00eda de Maracaibo avanza en un 50 % con limpieza de los cementerios municipales"},"content":{"rendered":"\n<p><strong>ENTRE TORMENTAS. <\/strong>\u201cLlevamos un 50 por ciento de avance en la limpieza de los cementerios\u201d, as\u00ed lo aseguro el alcalde encargado Adri\u00e1n Romero Mart\u00ednez, durante la visita que hizo al San Jos\u00e9 este 19 de marzo a prop\u00f3sito de la celebraci\u00f3n del d\u00eda del patrono de los cat\u00f3licos. Record\u00f3 que los trabajos se iniciaron en enero junto con los del Sagrado Coraz\u00f3n de Jes\u00fas para tener espacios aptos para el D\u00eda de las Madres.<\/p>\n\n\n\n<p>\u201cEl avance que hemos tenido es para que los familiares que vengan a visitar a sus difuntos tenga un espacio digno, limpio, ordenado y verde. Vamos a desmalezar casi 50 hect\u00e1reas, eso es un gran trabajo, pero nos lo propusimos y lo estamos logrando\u201d, recalc\u00f3 el alcalde encargado.<\/p>\n\n\n\n<p>Romero Mart\u00ednez destac\u00f3 que lo realizado por la gesti\u00f3n del alcalde Rafael Ram\u00edrez en materia de cementerios nunca se hab\u00eda hecho. \u201cAhora decidimos meterle toda la artiller\u00eda para que de una vez por toda logremos limpiar por completo los cementerios\u201d.<\/p>\n\n\n\n<figure class=\"wp-block-image size-large\"><img fetchpriority=\"high\" decoding=\"async\" width=\"1024\" height=\"575\" src=\"https:\/\/entretormentas.com\/wp-content\/uploads\/2025\/03\/image-392-1024x575.png\" alt=\"\" class=\"wp-image-14472\" srcset=\"https:\/\/entretormentas.com\/wp-content\/uploads\/2025\/03\/image-392-1024x575.png 1024w, https:\/\/entretormentas.com\/wp-content\/uploads\/2025\/03\/image-392-300x169.png 300w, https:\/\/entretormentas.com\/wp-content\/uploads\/2025\/03\/image-392-768x431.png 768w, https:\/\/entretormentas.com\/wp-content\/uploads\/2025\/03\/image-392.png 1280w\" sizes=\"(max-width: 1024px) 100vw, 1024px\" \/><\/figure>\n\n\n\n<p>Jennifer \u00c1vila, directora del Servicio Desconcentrado de Cementerios Municipales de Maracaibo (SEDECEMA), detall\u00f3 que el operativo de limpieza, hasta la primera quincena de marzo, amerit\u00f3 m\u00e1s de 300 horas laborales de unas 80 personas que reflejan el compromiso y la dedicaci\u00f3n para garantizar que los cementerios municipales est\u00e9n en \u00f3ptimas condiciones.<\/p>\n\n\n\n<p>Adem\u00e1s, indici\u00f3 que se dispuso de un equipo completo y especializado que incluye, dos retroexcavadoras, 12 guada\u00f1as, una motosierra, 46 machetes, tres fumigadoras m\u00f3viles y una fumigadora fija.<\/p>\n\n\n\n<p>Precis\u00f3 que ya se atendieron los siete cuerpos del lado izquierdo del cementerio Sagrado Coraz\u00f3n de Jes\u00fas y cuatro cuerpos de lado derecho en el cementerio San Jos\u00e9, con limpieza general, desmalezamiento, poda de \u00e1rboles y fumigaci\u00f3n.<\/p>\n\n\n\n<p>\u201cTras la optimizaci\u00f3n de estos espacios sagrados con limpieza, desmalezamiento y fumigaci\u00f3n, se implementar\u00e1 un plan de mantenimiento preventivo para garantizar su conservaci\u00f3n y seguridad. Este plan contempla fumigaciones por secciones\u201d, precis\u00f3 \u00c1vila.<\/p>\n\n\n\n<p>Edwin Zarraga, gerente de Operaciones de SEDECEMA, explic\u00f3 que el desmalezamiento tambi\u00e9n incluy\u00f3 fumigaci\u00f3n con herbicida agr\u00edcola, con el fin de erradicar la maleza y controlar la propagaci\u00f3n de insectos.<\/p>\n\n\n\n<figure class=\"wp-block-image size-large\"><img decoding=\"async\" width=\"1024\" height=\"575\" src=\"https:\/\/entretormentas.com\/wp-content\/uploads\/2025\/03\/image-393-1024x575.png\" alt=\"\" class=\"wp-image-14473\" srcset=\"https:\/\/entretormentas.com\/wp-content\/uploads\/2025\/03\/image-393-1024x575.png 1024w, https:\/\/entretormentas.com\/wp-content\/uploads\/2025\/03\/image-393-300x169.png 300w, https:\/\/entretormentas.com\/wp-content\/uploads\/2025\/03\/image-393-768x431.png 768w, https:\/\/entretormentas.com\/wp-content\/uploads\/2025\/03\/image-393.png 1280w\" sizes=\"(max-width: 1024px) 100vw, 1024px\" \/><\/figure>\n\n\n\n<p>El gerente record\u00f3 el compromiso de la municipalidad con la limpieza y desmalezamiento para mantener los cementerios municipales en \u00f3ptimas condiciones.<\/p>\n\n\n\n<p>El 9 de mayo de 2022 se entreg\u00f3 renovada la capilla del cementerio Sagrado Coraz\u00f3n de Jes\u00fas despu\u00e9s de 30 a\u00f1os de abandono.<\/p>\n\n\n\n<p>En 2023 se realizaron trabajos de desmalezamiento, limpieza y restauraci\u00f3n en el cementerio San Jos\u00e9, uno de los camposantos m\u00e1s antiguos de la ciudad, despu\u00e9s de 14 a\u00f1os de abandono.<\/p>\n\n\n\n<p>En 2024 se llev\u00f3 a cabo el acondicionamiento de los cementerios municipales para ofrecer a los visitantes espacios seguros. Se rehabilitaron los ba\u00f1os p\u00fablicos y las oficinas administrativas del cementerio Sagrado Coraz\u00f3n de Jes\u00fas.<br><strong><em>ET \/ DCI Alcald\u00eda de Maracaibo<\/em><\/strong><\/p>\n\n\n\n<p><\/p>\n","protected":false},"excerpt":{"rendered":"<p>ENTRE TORMENTAS. \u201cLlevamos un 50 por ciento de avance en la limpieza de los cementerios\u201d,&#8230;<\/p>\n","protected":false},"author":2,"featured_media":14471,"comment_status":"closed","ping_status":"open","sticky":false,"template":"","format":"standard","meta":{"footnotes":""},"categories":[1],"tags":[],"class_list":["post-14470","post","type-post","status-publish","format-standard","has-post-thumbnail","hentry","category-regionales"],"_links":{"self":[{"href":"https:\/\/entretormentas.com\/index.php?rest_route=\/wp\/v2\/posts\/14470","targetHints":{"allow":["GET"]}}],"collection":[{"href":"https:\/\/entretormentas.com\/index.php?rest_route=\/wp\/v2\/posts"}],"about":[{"href":"https:\/\/entretormentas.com\/index.php?rest_route=\/wp\/v2\/types\/post"}],"author":[{"embeddable":true,"href":"https:\/\/entretormentas.com\/index.php?rest_route=\/wp\/v2\/users\/2"}],"replies":[{"embeddable":true,"href":"https:\/\/entretormentas.com\/index.php?rest_route=%2Fwp%2Fv2%2Fcomments&post=14470"}],"version-history":[{"count":1,"href":"https:\/\/entretormentas.com\/index.php?rest_route=\/wp\/v2\/posts\/14470\/revisions"}],"predecessor-version":[{"id":14474,"href":"https:\/\/entretormentas.com\/index.php?rest_route=\/wp\/v2\/posts\/14470\/revisions\/14474"}],"wp:featuredmedia":[{"embeddable":true,"href":"https:\/\/entretormentas.com\/index.php?rest_route=\/wp\/v2\/media\/14471"}],"wp:attachment":[{"href":"https:\/\/entretormentas.com\/index.php?rest_route=%2Fwp%2Fv2%2Fmedia&parent=14470"}],"wp:term":[{"taxonomy":"category","embeddable":true,"href":"https:\/\/entretormentas.com\/index.php?rest_route=%2Fwp%2Fv2%2Fcategories&post=14470"},{"taxonomy":"post_tag","embeddable":true,"href":"https:\/\/entretormentas.com\/index.php?rest_route=%2Fwp%2Fv2%2Ftags&post=14470"}],"curies":[{"name":"wp","href":"https:\/\/api.w.org\/{rel}","templated":true}]}}