{"id":14475,"date":"2025-03-22T11:51:12","date_gmt":"2025-03-22T10:51:12","guid":{"rendered":"https:\/\/entretormentas.com\/?p=14475"},"modified":"2025-03-22T11:51:13","modified_gmt":"2025-03-22T10:51:13","slug":"alcaldia-de-maracaibo-arranca-segunda-fase-del-proyecto-de-asfaltado-en-lago-azul","status":"publish","type":"post","link":"https:\/\/entretormentas.com\/alcaldia-de-maracaibo-arranca-segunda-fase-del-proyecto-de-asfaltado-en-lago-azul\/","title":{"rendered":"\u00a1ALCALD\u00cdA DE MARACAIBO! Arranca segunda fase del proyecto de asfaltado en Lago Azul"},"content":{"rendered":"\n<p><strong>ENTRE TORMENTAS. <\/strong>\u00a1M\u00e1s vialidad!, la Alcald\u00eda de Maracaibo a trav\u00e9s de la Direcci\u00f3n de Ingenier\u00eda Municipal, arranc\u00f3 la tarde de este mi\u00e9rcoles 19 de marzo, los trabajos en la segunda fase del proyecto de asfaltado en Lago Azul, sector Sabaneta, parroquia Manuel Dagnino.<\/p>\n\n\n\n<p>En esta segunda fase del proyecto de asfaltado, se intervendr\u00e1n 1.2 kil\u00f3metros de vialidad, en las cuales se colocar\u00e1n 812 toneladas de asfalto tipo 3, desde la avenida 44 v\u00eda principal de la urbanizaci\u00f3n Lago Azul, hasta la Avenida 24, El Calvario.<\/p>\n\n\n\n<p>Carlos Guanipa, director de Ingenier\u00eda Municipal, inform\u00f3 que esta segunda fase del proyecto viene a reforzar la vialidad que conecta con la calle 100 Sabaneta. \u201cCon esto dejaremos completamente habilitada la calle principal de Lago Azul por la que transitan alrededor de ocho mil 489 beneficiados\u201d.<\/p>\n\n\n\n<figure class=\"wp-block-image size-large\"><img fetchpriority=\"high\" decoding=\"async\" width=\"1024\" height=\"682\" src=\"https:\/\/entretormentas.com\/wp-content\/uploads\/2025\/03\/image-395-1024x682.png\" alt=\"\" class=\"wp-image-14477\" srcset=\"https:\/\/entretormentas.com\/wp-content\/uploads\/2025\/03\/image-395-1024x682.png 1024w, https:\/\/entretormentas.com\/wp-content\/uploads\/2025\/03\/image-395-300x200.png 300w, https:\/\/entretormentas.com\/wp-content\/uploads\/2025\/03\/image-395-768x512.png 768w, https:\/\/entretormentas.com\/wp-content\/uploads\/2025\/03\/image-395.png 1280w\" sizes=\"(max-width: 1024px) 100vw, 1024px\" \/><\/figure>\n\n\n\n<p>La primera fase del proyecto abarc\u00f3 desde la calle 100 Sabaneta hasta la doble v\u00eda de la avenida 20\u00aa, y fue culminada y entregada en el mes de diciembre de 2024. Con la puesta en marcha de esta segunda etapa, la Alcald\u00eda de Maracaibo reafirma su compromiso de continuar trabajando para el bienestar de los ciudadanos y el desarrollo de la ciudad.<\/p>\n\n\n\n<p>Adri\u00e1n Romero Mart\u00ednez, alcalde encargado de Maracaibo, expres\u00f3 que este proyecto beneficiar\u00e1 tanto a los residentes como a comerciantes y transportistas que transitan diariamente por la v\u00eda. \u00abEstamos cumpliendo con nuestro compromiso de mejorar la calidad de vida de los marabinos, y esta segunda fase del asfaltado en Lago Azul es una muestra de ello. Dijimos que antes de este tercer trimestre del a\u00f1o iniciar\u00edamos la segunda fase, y lo estamos haciendo\u00bb.<\/p>\n\n\n\n<p>Asimismo, detall\u00f3 que los trabajos incluir\u00e1n la colocaci\u00f3n de una nueva capa asf\u00e1ltica, la demarcaci\u00f3n de la v\u00eda y la instalaci\u00f3n de ojos de gato para mejorar la visibilidad nocturna. \u201cEl que venga desde Los Estanques hasta Sabaneta no conseguir\u00e1 ni un hueco, porque vamos a dejar esta v\u00eda completamente rehabilitada para un mejor tr\u00e1nsito para todos\u201d.<br><strong><em>ET \/ DCI Alcald\u00eda de Maracaibo<\/em><\/strong><\/p>\n","protected":false},"excerpt":{"rendered":"<p>ENTRE TORMENTAS. \u00a1M\u00e1s vialidad!, la Alcald\u00eda de Maracaibo a trav\u00e9s de la Direcci\u00f3n de Ingenier\u00eda&#8230;<\/p>\n","protected":false},"author":2,"featured_media":14476,"comment_status":"closed","ping_status":"open","sticky":false,"template":"","format":"standard","meta":{"footnotes":""},"categories":[1],"tags":[],"class_list":["post-14475","post","type-post","status-publish","format-standard","has-post-thumbnail","hentry","category-regionales"],"_links":{"self":[{"href":"https:\/\/entretormentas.com\/index.php?rest_route=\/wp\/v2\/posts\/14475","targetHints":{"allow":["GET"]}}],"collection":[{"href":"https:\/\/entretormentas.com\/index.php?rest_route=\/wp\/v2\/posts"}],"about":[{"href":"https:\/\/entretormentas.com\/index.php?rest_route=\/wp\/v2\/types\/post"}],"author":[{"embeddable":true,"href":"https:\/\/entretormentas.com\/index.php?rest_route=\/wp\/v2\/users\/2"}],"replies":[{"embeddable":true,"href":"https:\/\/entretormentas.com\/index.php?rest_route=%2Fwp%2Fv2%2Fcomments&post=14475"}],"version-history":[{"count":1,"href":"https:\/\/entretormentas.com\/index.php?rest_route=\/wp\/v2\/posts\/14475\/revisions"}],"predecessor-version":[{"id":14478,"href":"https:\/\/entretormentas.com\/index.php?rest_route=\/wp\/v2\/posts\/14475\/revisions\/14478"}],"wp:featuredmedia":[{"embeddable":true,"href":"https:\/\/entretormentas.com\/index.php?rest_route=\/wp\/v2\/media\/14476"}],"wp:attachment":[{"href":"https:\/\/entretormentas.com\/index.php?rest_route=%2Fwp%2Fv2%2Fmedia&parent=14475"}],"wp:term":[{"taxonomy":"category","embeddable":true,"href":"https:\/\/entretormentas.com\/index.php?rest_route=%2Fwp%2Fv2%2Fcategories&post=14475"},{"taxonomy":"post_tag","embeddable":true,"href":"https:\/\/entretormentas.com\/index.php?rest_route=%2Fwp%2Fv2%2Ftags&post=14475"}],"curies":[{"name":"wp","href":"https:\/\/api.w.org\/{rel}","templated":true}]}}