{"id":14488,"date":"2025-03-22T12:04:44","date_gmt":"2025-03-22T11:04:44","guid":{"rendered":"https:\/\/entretormentas.com\/?p=14488"},"modified":"2025-03-22T12:04:44","modified_gmt":"2025-03-22T11:04:44","slug":"trabajo-comprobado-alcalde-gustavo-fernandez-presenta-memoria-y-cuenta-del-ano-fiscal-2024","status":"publish","type":"post","link":"https:\/\/entretormentas.com\/trabajo-comprobado-alcalde-gustavo-fernandez-presenta-memoria-y-cuenta-del-ano-fiscal-2024\/","title":{"rendered":"\u00a1TRABAJO COMPROBADO! Alcalde Gustavo Fern\u00e1ndez presenta Memoria y Cuenta del a\u00f1o fiscal 2024"},"content":{"rendered":"\n<p><strong>ENTRE TORMENTAS. <\/strong>Con una masiva convocatoria, el alcalde del municipio San Francisco, Gustavo Fern\u00e1ndez, rindi\u00f3 cuentas a San Francisco a trav\u00e9s del informe de gesti\u00f3n municipal anual donde se hizo un balance detallado de los logros obtenidos durante el a\u00f1o 2024. El acto se realiz\u00f3, la ma\u00f1ana de este viernes, en las instalaciones del auditorio Dr. Humberto Fern\u00e1ndez Mor\u00e1n, ubicado en el ayuntamiento sure\u00f1o, acompa\u00f1ado de la primera dama, Franciela N\u00fa\u00f1ez de Fern\u00e1ndez, y todo su equipo de trabajo que hace posible el \u00e9xito gubernamental.<\/p>\n\n\n\n<p>El alcalde Fern\u00e1ndez inici\u00f3 su alocuci\u00f3n destacando que pese a los escasos recursos que hoy se manejan desde los municipios, \u201cya que es una realidad evidente, notoria y comunicacional\u201d, han podido salir adelante en el a\u00f1o 2024. De igual forma, reconoci\u00f3 que el informe presentado \u201csatisface nuestras expectativas, ya que da cuenta, de los grandes esfuerzos adem\u00e1s de financieros, t\u00e9cnicos y humanos que se realizan desde la alcald\u00eda de San Francisco, la gente reconoce en la calle nuestros esfuerzos, a la gente del municipio se le percibe distinto, hoy el orgullo de ser de este municipio se fortalece\u201d, manifest\u00f3 Fern\u00e1ndez.<\/p>\n\n\n\n<figure class=\"wp-block-image size-large\"><img fetchpriority=\"high\" decoding=\"async\" width=\"1024\" height=\"651\" src=\"https:\/\/entretormentas.com\/wp-content\/uploads\/2025\/03\/image-401-1024x651.png\" alt=\"\" class=\"wp-image-14489\" srcset=\"https:\/\/entretormentas.com\/wp-content\/uploads\/2025\/03\/image-401-1024x651.png 1024w, https:\/\/entretormentas.com\/wp-content\/uploads\/2025\/03\/image-401-300x191.png 300w, https:\/\/entretormentas.com\/wp-content\/uploads\/2025\/03\/image-401-768x488.png 768w, https:\/\/entretormentas.com\/wp-content\/uploads\/2025\/03\/image-401.png 1280w\" sizes=\"(max-width: 1024px) 100vw, 1024px\" \/><\/figure>\n\n\n\n<p>\u201cEn nuestra gesti\u00f3n hemos tomado el tema de la salud como punta de lanza, desde el Instituto P\u00fablico Municipal dela Salud (Imsasur), beneficiamos gratuitamente a m\u00e1s de 271 mil pacientes a trav\u00e9s del \u00e1rea de emergencia, programas m\u00e9dicos, ex\u00e1menes de laboratorios, especialidades y medicina familiar\u201d. Destacando el gran alcance con m\u00e1s de mil 500 intervenciones quir\u00fargicas a pacientes atendidos mediante el programa \u201cEn Buenas Manos\u201d, \u00fanico programa quir\u00fargico municipal a nivel nacional con cero complicaciones postoperatorias.<\/p>\n\n\n\n<p>Referente al \u00e1rea de Desarrollo Social, el titular municipal inform\u00f3 que el programa \u201cUna Mano Amiga\u201d benefici\u00f3 a mil 737 sanfranciscanos con la entrega de aparatos ortop\u00e9dicos, aprobaci\u00f3n de analisis cl\u00ednicos, entrega de insumos m\u00e9dicos y utensilios del hogar. Desde<br>\u201cTecho Seguro\u201d fueron atendidos 665 ciudadanos con la instalaci\u00f3n de techos totaleso parciales para sus viviendas.<\/p>\n\n\n\n<p>Tambi\u00e9n se entregaron unos 487 tanques desde el programa \u201cGota a Gota\u201d, en donde se beneficiaron a 2.435 personas. De igual forma, desde la direcci\u00f3n de Umpasfa, se realizaron 749 asistencias m\u00e9dicas veterinarias a trav\u00e9s de jornadas m\u00e9dicas e integrales. Es importante destacar la presencia de la fundaci\u00f3n Damasur, liderada por Franciela N\u00fa\u00f1ez de Fern\u00e1ndez, primera dama del municipio, quien participa en gran n\u00famero deactividades que se desarrollan desde la alcald\u00eda de San Francisco.<\/p>\n\n\n\n<figure class=\"wp-block-image size-large\"><img decoding=\"async\" width=\"1024\" height=\"682\" src=\"https:\/\/entretormentas.com\/wp-content\/uploads\/2025\/03\/image-404-1024x682.png\" alt=\"\" class=\"wp-image-14492\" srcset=\"https:\/\/entretormentas.com\/wp-content\/uploads\/2025\/03\/image-404-1024x682.png 1024w, https:\/\/entretormentas.com\/wp-content\/uploads\/2025\/03\/image-404-300x200.png 300w, https:\/\/entretormentas.com\/wp-content\/uploads\/2025\/03\/image-404-768x512.png 768w, https:\/\/entretormentas.com\/wp-content\/uploads\/2025\/03\/image-404.png 1280w\" sizes=\"(max-width: 1024px) 100vw, 1024px\" \/><\/figure>\n\n\n\n<p>En cuanto a los trabajos de infraestructura en el municipio San Francisco durante todo el 2024 estuvo activo el Plan Paraguas, saneando constantemente las ca\u00f1adas que circulan en el municipio, en donde se beneficiaron a m\u00e1s de 300 mil ciudadanos. Se recuperaron tres pozos de agua en donde m\u00e1s de dos mil 300 habitantes de diversos sectores, fueron favorecidos con el suministro del vital l\u00edquido. Adem\u00e1s, se recuper\u00f3 un n\u00famero significativo de sem\u00e1foros en todo el municipio.<\/p>\n\n\n\n<p>De igual forma, se rehabilit\u00f3 totalmente la iglesia parroquial eclesi\u00e1stica Sant\u00edsimo Cristo, beneficiando a unas 15 mil personas, as\u00ed como tambi\u00e9n el complejo deportivo Dimas Pi\u00f1a en Sierra Maestra, en donde unas 46 mil 600 personas tienen acceso a este espacio.Tambi\u00e9n se realizaron 26 trabajos de alumbrado p\u00fablico en todo el municipio, se ejecut\u00f3 un extenso trabajo de asfaltado, bacheo, demarcaci\u00f3n vial yse\u00f1alizaci\u00f3n en varios sectores de las siete parroquias de San Francisco.<\/p>\n\n\n\n<p>Desde el Instituto P\u00fablico Municipal del Gas (Ipmgas), se ejecutaron 13 trabajos de reacondicionamiento en la red de gas, en ocho sectores sure\u00f1os, favoreciendo a 399 familias. Asimismo, se repararon 299 fugas en 38 sectores, en donde mil 299 viviendas fueron beneficiadas. Sumando gesti\u00f3n, el Instituto P\u00fablico Municipal de Deporte (Imdep), reacondicion\u00f3 la cancha de usos m\u00faltiples \u201cLa Juventud\u201d, acondicionando los dugout del estadio Roberto Zambrano en La Coromoto, atendi\u00f3 58 mil 242 atletas por masificaci\u00f3n y actividades en todo el 2024, y realiz\u00f3 658 actividades desde la coordinaci\u00f3n de \u201cDeportes para Todos\u201d.<\/p>\n\n\n\n<figure class=\"wp-block-image size-large\"><img decoding=\"async\" width=\"1024\" height=\"665\" src=\"https:\/\/entretormentas.com\/wp-content\/uploads\/2025\/03\/image-403-1024x665.png\" alt=\"\" class=\"wp-image-14491\" srcset=\"https:\/\/entretormentas.com\/wp-content\/uploads\/2025\/03\/image-403-1024x665.png 1024w, https:\/\/entretormentas.com\/wp-content\/uploads\/2025\/03\/image-403-300x195.png 300w, https:\/\/entretormentas.com\/wp-content\/uploads\/2025\/03\/image-403-768x499.png 768w, https:\/\/entretormentas.com\/wp-content\/uploads\/2025\/03\/image-403.png 1280w\" sizes=\"(max-width: 1024px) 100vw, 1024px\" \/><\/figure>\n\n\n\n<p>A trav\u00e9s del Instituto P\u00fablico Municipal de Ambiente y Aseo Urbano (Imasur) se recolectaron 160 mil 955 toneladas de desechos s\u00f3lidos, 19.974 toneladas de desechos vegetales. Adem\u00e1s se realizaron 122 jornadas de abatizaci\u00f3n y 32 jornadas de fumigaci\u00f3n beneficiando 15 mil 300 ciudadanos. Desde la direcci\u00f3n Municipal de Gesti\u00f3n a trav\u00e9s de las secretar\u00edas parroquiales se beneficiaron un aproximado de 14 mil 988 ni\u00f1os, j\u00f3venes y adultos de las distintas parroquias.<\/p>\n\n\n\n<p>Desde el Instituto P\u00fablico Municipal de Cultura, se atendieron unos 600 estudiantes y casas culturales, se llevaron a cabo 14 talleres motivacionales en las parroquias del municipio con dos mil 800 participantes, se realizaron nueve eventos culturales en la concha ac\u00fastica del ateneo Juan de Dios Mart\u00ednez, adem\u00e1s tuvo lugar una muestra cultural de cierre en el mes de julio y una muestra cultural navide\u00f1a con la participaci\u00f3n de 600 estudiantes en ambas.<\/p>\n\n\n\n<p>Para finalizar, el titular municipal destac\u00f3 el compromiso que sigue teniendo con San Francisco. \u201cPrometimos devolver un municipio limpio y lo estamos logrando, tenemos un 85 por ciento de las distintas parroquias disfrutando del servicio de recolecci\u00f3n domiciliaria. Nos comprometimos a recuperar la seguridad y lo logramos, nos comprometimos con<br>recuperar la salud y dictamos c\u00e1tedra a nivel nacional\u201d, adem\u00e1s resalt\u00f3 la alianza perfecta con el l\u00edder del Zulia, el gobernador Manuel Rosales Guerrero, recuperando as\u00ed la vialidad, los espacios deportivos y m\u00e1s.<\/p>\n\n\n\n<p>\u201cRatifico que si seguimos andando por el camino donde estamos, con un gran equipo, sentimiento y compromiso grandes cosas se pueden lograr\u201d, afirm\u00f3 Gustavo Fern\u00e1ndez M\u00e9ndez durante el cierre de su Memoria y Cuenta del ejercicio fiscal a\u00f1o 2024.<br><strong><em>ET \/ Alcald\u00eda de San Francisco<\/em><\/strong><\/p>\n\n\n\n<p><\/p>\n","protected":false},"excerpt":{"rendered":"<p>ENTRE TORMENTAS. Con una masiva convocatoria, el alcalde del municipio San Francisco, Gustavo Fern\u00e1ndez, rindi\u00f3&#8230;<\/p>\n","protected":false},"author":2,"featured_media":14490,"comment_status":"closed","ping_status":"open","sticky":false,"template":"","format":"standard","meta":{"footnotes":""},"categories":[57,1],"tags":[],"class_list":["post-14488","post","type-post","status-publish","format-standard","has-post-thumbnail","hentry","category-actualidad","category-regionales"],"_links":{"self":[{"href":"https:\/\/entretormentas.com\/index.php?rest_route=\/wp\/v2\/posts\/14488","targetHints":{"allow":["GET"]}}],"collection":[{"href":"https:\/\/entretormentas.com\/index.php?rest_route=\/wp\/v2\/posts"}],"about":[{"href":"https:\/\/entretormentas.com\/index.php?rest_route=\/wp\/v2\/types\/post"}],"author":[{"embeddable":true,"href":"https:\/\/entretormentas.com\/index.php?rest_route=\/wp\/v2\/users\/2"}],"replies":[{"embeddable":true,"href":"https:\/\/entretormentas.com\/index.php?rest_route=%2Fwp%2Fv2%2Fcomments&post=14488"}],"version-history":[{"count":1,"href":"https:\/\/entretormentas.com\/index.php?rest_route=\/wp\/v2\/posts\/14488\/revisions"}],"predecessor-version":[{"id":14493,"href":"https:\/\/entretormentas.com\/index.php?rest_route=\/wp\/v2\/posts\/14488\/revisions\/14493"}],"wp:featuredmedia":[{"embeddable":true,"href":"https:\/\/entretormentas.com\/index.php?rest_route=\/wp\/v2\/media\/14490"}],"wp:attachment":[{"href":"https:\/\/entretormentas.com\/index.php?rest_route=%2Fwp%2Fv2%2Fmedia&parent=14488"}],"wp:term":[{"taxonomy":"category","embeddable":true,"href":"https:\/\/entretormentas.com\/index.php?rest_route=%2Fwp%2Fv2%2Fcategories&post=14488"},{"taxonomy":"post_tag","embeddable":true,"href":"https:\/\/entretormentas.com\/index.php?rest_route=%2Fwp%2Fv2%2Ftags&post=14488"}],"curies":[{"name":"wp","href":"https:\/\/api.w.org\/{rel}","templated":true}]}}