{"id":14498,"date":"2025-03-22T12:10:30","date_gmt":"2025-03-22T11:10:30","guid":{"rendered":"https:\/\/entretormentas.com\/?p=14498"},"modified":"2025-03-22T12:10:30","modified_gmt":"2025-03-22T11:10:30","slug":"mediacion-oposicion-pide-a-espana-mediar-a-favor-de-asilados-en-embajada-argentina","status":"publish","type":"post","link":"https:\/\/entretormentas.com\/mediacion-oposicion-pide-a-espana-mediar-a-favor-de-asilados-en-embajada-argentina\/","title":{"rendered":"\u00a1MEDIACI\u00d3N! Oposici\u00f3n pide a Espa\u00f1a mediar a favor de asilados en embajada argentina"},"content":{"rendered":"\n<p><strong>ENTRE TORMENTAS.<\/strong> Opositores venezolanos pidieron el jueves 20 de marzo en Madrid que el Gobierno espa\u00f1ol intervenga en favor de los cinco colaboradores de Mar\u00eda Corina Machado refugiados en la embajada argentina en Caracas desde hace un a\u00f1o.<\/p>\n\n\n\n<p>Mar\u00eda Gabriela Olavarr\u00eda, coordinadora de Comando con Venezuela Espa\u00f1a, entreg\u00f3 en la sede del Ministerio de Exteriores una carta en la que se pide una intervenci\u00f3n diplom\u00e1tica en favor de los cinco opositores asilados en la embajada.<\/p>\n\n\n\n<p>\u201cEstamos haciendo todas las gestiones diplom\u00e1ticas necesarias (\u2026) queremos la intervenci\u00f3n del ministro Jos\u00e9 Manuel Albares para que nos permita justamente seguir haciendo gestiones para lograr el salvoconducto de nuestros compa\u00f1eros y la salida segura del pa\u00eds\u201d, manifest\u00f3 Olavarr\u00eda.<\/p>\n\n\n\n<p>Adem\u00e1s, solicitan que Espa\u00f1a, en coordinaci\u00f3n con las autoridades brasile\u00f1as, \u201cpueda tramitar y organizar una visita humanitaria a la sede diplom\u00e1tica para constatar el estado en el que se encuentran estas personas, cuya vida corre peligro\u201d.<\/p>\n\n\n\n<p>La carta fue entregada este jueves 20 a prop\u00f3sito de cumplirse un a\u00f1o del encierro del equipo de Mar\u00eda Corina Machado en la embajada argentina. El pasado 21 de febrero entregaron otra misiva al Ministerio de Exteriores. Hasta el momento, seg\u00fan Olavarr\u00eda, no han recibido respuesta alguna por parte del Gobierno espa\u00f1ol.<\/p>\n\n\n\n<p>Los opositores denuncian que la situaci\u00f3n de los asilados Magalli Meda, Claudia Macero, Omar Gonz\u00e1lez, Pedro Urruchurtu y Humberto Villalobos, quienes ingresaron a la sede diplom\u00e1tica el 20 de marzo de 2024 tras la orden de arresto emitida por la Fiscal\u00eda venezolana, se ha agravado con el tiempo.<\/p>\n\n\n\n<p>Olavarr\u00eda insisti\u00f3 en que se ha producido una \u201cviolaci\u00f3n sistem\u00e1tica\u00bb de los derechos fundamentales de los refugiados, que enfrentan \u201ccondiciones precarias\u201d, sin electricidad desde hace m\u00e1s de tres meses y con acceso restringido al agua potable.<\/p>\n\n\n\n<p>Olavarr\u00eda lament\u00f3 que hasta el momento son solo Argentina y Brasil \u00abse han hecho cargo de la situaci\u00f3n en la medida de lo posible\u201d y denunci\u00f3 la pasividad de otros pa\u00edses con representaci\u00f3n diplom\u00e1tica en Venezuela: \u201cEst\u00e1 pasando frente a sus ojos esta situaci\u00f3n. Es muy notorio y lamentablemente no hacen nada\u201d.<\/p>\n\n\n\n<p>Este jueves, al cumplirse un a\u00f1o del asilo en la embajada, la dirigencia pol\u00edtica y la Plataforma Unitaria expresaron su solidaridad con el equipo de Vente Venezuela y su rechazo al hostigamiento que han recibido.<\/p>\n\n\n\n<p>Mar\u00eda Corina Machado, a trav\u00e9s de una publicaci\u00f3n en redes sociales los llam\u00f3 h\u00e9roes civiles y les agradeci\u00f3 el compromiso que han demostrado.<br><strong><em>ET \/ Agencias<\/em><\/strong><\/p>\n\n\n\n<p><\/p>\n","protected":false},"excerpt":{"rendered":"<p>ENTRE TORMENTAS. Opositores venezolanos pidieron el jueves 20 de marzo en Madrid que el Gobierno&#8230;<\/p>\n","protected":false},"author":2,"featured_media":14499,"comment_status":"closed","ping_status":"open","sticky":false,"template":"","format":"standard","meta":{"footnotes":""},"categories":[56,49],"tags":[],"class_list":["post-14498","post","type-post","status-publish","format-standard","has-post-thumbnail","hentry","category-destacadas","category-nacionales"],"_links":{"self":[{"href":"https:\/\/entretormentas.com\/index.php?rest_route=\/wp\/v2\/posts\/14498","targetHints":{"allow":["GET"]}}],"collection":[{"href":"https:\/\/entretormentas.com\/index.php?rest_route=\/wp\/v2\/posts"}],"about":[{"href":"https:\/\/entretormentas.com\/index.php?rest_route=\/wp\/v2\/types\/post"}],"author":[{"embeddable":true,"href":"https:\/\/entretormentas.com\/index.php?rest_route=\/wp\/v2\/users\/2"}],"replies":[{"embeddable":true,"href":"https:\/\/entretormentas.com\/index.php?rest_route=%2Fwp%2Fv2%2Fcomments&post=14498"}],"version-history":[{"count":1,"href":"https:\/\/entretormentas.com\/index.php?rest_route=\/wp\/v2\/posts\/14498\/revisions"}],"predecessor-version":[{"id":14500,"href":"https:\/\/entretormentas.com\/index.php?rest_route=\/wp\/v2\/posts\/14498\/revisions\/14500"}],"wp:featuredmedia":[{"embeddable":true,"href":"https:\/\/entretormentas.com\/index.php?rest_route=\/wp\/v2\/media\/14499"}],"wp:attachment":[{"href":"https:\/\/entretormentas.com\/index.php?rest_route=%2Fwp%2Fv2%2Fmedia&parent=14498"}],"wp:term":[{"taxonomy":"category","embeddable":true,"href":"https:\/\/entretormentas.com\/index.php?rest_route=%2Fwp%2Fv2%2Fcategories&post=14498"},{"taxonomy":"post_tag","embeddable":true,"href":"https:\/\/entretormentas.com\/index.php?rest_route=%2Fwp%2Fv2%2Ftags&post=14498"}],"curies":[{"name":"wp","href":"https:\/\/api.w.org\/{rel}","templated":true}]}}