{"id":14501,"date":"2025-03-22T12:13:33","date_gmt":"2025-03-22T11:13:33","guid":{"rendered":"https:\/\/entretormentas.com\/?p=14501"},"modified":"2025-03-22T12:13:34","modified_gmt":"2025-03-22T11:13:34","slug":"decision-canada-impone-nuevas-sanciones-contra-funcionarios-venezolanos","status":"publish","type":"post","link":"https:\/\/entretormentas.com\/decision-canada-impone-nuevas-sanciones-contra-funcionarios-venezolanos\/","title":{"rendered":"\u00a1DECISI\u00d3N! Canad\u00e1 impone nuevas sanciones contra funcionarios venezolanos"},"content":{"rendered":"\n<p><strong>ENTRE TORMENTAS. <\/strong>La ministra de Asuntos Exteriores y Desarrollo Internacional de Canad\u00e1, M\u00e9lanie Joly, anunci\u00f3 que su pa\u00eds impuso nuevas sanciones contra funcionarios venezolanos en virtud del Reglamento de Medidas Econ\u00f3micas Especiales, informa Uni\u00f3n Radio.<\/p>\n\n\n\n<p>A trav\u00e9s de un comunicado, la Oficina de Asuntos Globales de Canad\u00e1 indic\u00f3 que las medidas se alinean con las previamente adoptadas por el pa\u00eds y sus aliados a principios del presente a\u00f1o.<\/p>\n\n\n\n<p>Los funcionarios venezolanos sancionados son: Douglas Arnoldo Rico Gonz\u00e1lez, Carlos Enrique Ter\u00e1n Hurtado, Carlos Alberto Calder\u00f3n Chirinos, Florencio Ram\u00f3n Escalona, Leonel Alberto Garc\u00eda Rivas, Ronny Fernando Gonz\u00e1lez Montesinos, Manuel Enrique Castillo Rengifo y Jos\u00e9 Ram\u00f3n Figuera Valdez.<br><strong><em>ET \/ Agencias<\/em><\/strong><\/p>\n","protected":false},"excerpt":{"rendered":"<p>ENTRE TORMENTAS. La ministra de Asuntos Exteriores y Desarrollo Internacional de Canad\u00e1, M\u00e9lanie Joly, anunci\u00f3&#8230;<\/p>\n","protected":false},"author":2,"featured_media":14502,"comment_status":"closed","ping_status":"open","sticky":false,"template":"","format":"standard","meta":{"footnotes":""},"categories":[56,48],"tags":[],"class_list":["post-14501","post","type-post","status-publish","format-standard","has-post-thumbnail","hentry","category-destacadas","category-internacionales"],"_links":{"self":[{"href":"https:\/\/entretormentas.com\/index.php?rest_route=\/wp\/v2\/posts\/14501","targetHints":{"allow":["GET"]}}],"collection":[{"href":"https:\/\/entretormentas.com\/index.php?rest_route=\/wp\/v2\/posts"}],"about":[{"href":"https:\/\/entretormentas.com\/index.php?rest_route=\/wp\/v2\/types\/post"}],"author":[{"embeddable":true,"href":"https:\/\/entretormentas.com\/index.php?rest_route=\/wp\/v2\/users\/2"}],"replies":[{"embeddable":true,"href":"https:\/\/entretormentas.com\/index.php?rest_route=%2Fwp%2Fv2%2Fcomments&post=14501"}],"version-history":[{"count":1,"href":"https:\/\/entretormentas.com\/index.php?rest_route=\/wp\/v2\/posts\/14501\/revisions"}],"predecessor-version":[{"id":14503,"href":"https:\/\/entretormentas.com\/index.php?rest_route=\/wp\/v2\/posts\/14501\/revisions\/14503"}],"wp:featuredmedia":[{"embeddable":true,"href":"https:\/\/entretormentas.com\/index.php?rest_route=\/wp\/v2\/media\/14502"}],"wp:attachment":[{"href":"https:\/\/entretormentas.com\/index.php?rest_route=%2Fwp%2Fv2%2Fmedia&parent=14501"}],"wp:term":[{"taxonomy":"category","embeddable":true,"href":"https:\/\/entretormentas.com\/index.php?rest_route=%2Fwp%2Fv2%2Fcategories&post=14501"},{"taxonomy":"post_tag","embeddable":true,"href":"https:\/\/entretormentas.com\/index.php?rest_route=%2Fwp%2Fv2%2Ftags&post=14501"}],"curies":[{"name":"wp","href":"https:\/\/api.w.org\/{rel}","templated":true}]}}