{"id":14511,"date":"2025-03-22T12:23:21","date_gmt":"2025-03-22T11:23:21","guid":{"rendered":"https:\/\/entretormentas.com\/?p=14511"},"modified":"2025-03-22T12:23:22","modified_gmt":"2025-03-22T11:23:22","slug":"nueva-estocada-trump-revoca-el-parole-a-117-mil-venezolanos-y-deben-irse-de-ee-uu-en-30-dias","status":"publish","type":"post","link":"https:\/\/entretormentas.com\/nueva-estocada-trump-revoca-el-parole-a-117-mil-venezolanos-y-deben-irse-de-ee-uu-en-30-dias\/","title":{"rendered":"\u00a1NUEVA ESTOCADA! Trump revoca el \u00abparole\u00bb a 117 mil venezolanos y deben irse de EE.UU. en 30 d\u00edas"},"content":{"rendered":"\n<p><strong>ENTRE TORMENTAS. <\/strong>El presidente de Estados Unidos, Donald Trump, firm\u00f3 una orden ejecutiva con la que elimin\u00f3 el programa de parole humanitario, que ven\u00eda beneficiando a cubanos, haitianos, nicarag\u00fcenses y venezolanos.<\/p>\n\n\n\n<p>Seg\u00fan inform\u00f3 ABC Noticias, todos los extranjeros que ingresaron a tierra estadounidense con este programa debe salir de Estados Unidos en un lapso de 30 d\u00edas.<\/p>\n\n\n\n<p>\u00abTodo extranjeros que ingres\u00f3 bajo estos programas deber\u00e1n abandonar EE.UU. en un plazo de 30 d\u00edas, salvo excepciones individuales\u00bb, notific\u00f3 ABC Noticias.<\/p>\n\n\n\n<p>La medida dejar\u00e1 sin protecci\u00f3n contra la deportaci\u00f3n a unas 530 mil personas, los beneficiarios y sus familiares inmediatos, quienes deber\u00e1n autoexpulsarse del pa\u00eds en las pr\u00f3ximas semanas. Trump ya hab\u00eda puesto en pausa este programa, conocido como parole humanitario. Ahora lo desaparece.<\/p>\n\n\n\n<figure class=\"wp-block-image size-large\"><img fetchpriority=\"high\" decoding=\"async\" width=\"1024\" height=\"576\" src=\"https:\/\/entretormentas.com\/wp-content\/uploads\/2025\/03\/image-413-1024x576.png\" alt=\"\" class=\"wp-image-14513\" srcset=\"https:\/\/entretormentas.com\/wp-content\/uploads\/2025\/03\/image-413-1024x576.png 1024w, https:\/\/entretormentas.com\/wp-content\/uploads\/2025\/03\/image-413-300x169.png 300w, https:\/\/entretormentas.com\/wp-content\/uploads\/2025\/03\/image-413-768x432.png 768w, https:\/\/entretormentas.com\/wp-content\/uploads\/2025\/03\/image-413.png 1250w\" sizes=\"(max-width: 1024px) 100vw, 1024px\" \/><\/figure>\n\n\n\n<p>El Departamento de Seguridad Nacional (DHS por las siglas en ingl\u00e9s) se\u00f1ala que el programa humanitario finalizar\u00e1 a finales de abril, 30 d\u00edas despu\u00e9s de que la normativa sea publicada en el Federal Register, el diario oficial. Esto ocurrir\u00e1, al parecer, el martes 25 de marzo. \u201cAquellos que no tengan un fundamento legal para quedarse en Estados Unidos tras la eliminaci\u00f3n de este programa tendr\u00e1n que abandonar el pa\u00eds antes de la fecha en que termina su permiso\u201d, se\u00f1ala el documento, que hasta este viernes contin\u00faa siendo extraoficial.<\/p>\n\n\n\n<p>La maniobra acorta los permisos de dos a\u00f1os que miles de personas comenzaron a recibir en 2022. Estos permit\u00edan a los migrantes cubanos, venezolanos, haitianos y nicarag\u00fcenses trabajar y mantener una estancia legal en Estados Unidos que los blindaba contra la deportaci\u00f3n. La mayor\u00eda pod\u00eda tramitar una extensi\u00f3n del permiso cuando venc\u00eda. La llegada de Trump al poder evapor\u00f3 la posibilidad. El Gobierno federal hab\u00eda emitido un memorando que comunicaba la suspensi\u00f3n de las renovaciones y la cancelaci\u00f3n de nuevos permisos, como hizo tambi\u00e9n el trumpismo con el Estatus de Protecci\u00f3n Temporal, eliminado por una de las \u00f3rdenes ejecutivas del mandatario.<\/p>\n\n\n\n<p>La orden deja en un limbo a miles de personas. El propio documento asegura que unas 532 mil personas \u201cinadmisibles\u201d fueron beneficiadas por el programa hasta el pasado 22 de enero. \u201cLa justificaci\u00f3n (del Gobierno de Biden) de estos permisos discrecionales era que iban a fortalecer la seguridad de la frontera (\u2026) porque el proceso mitigar\u00eda futuros incrementos de la inmigraci\u00f3n ilegal\u201d, se\u00f1ala el documento. \u201cEstos incentivos no se tradujeron en una mejora suficiente y constante de la seguridad fronteriza\u201d, explica la dependencia a cargo de Kristi Noem, quien se ha sumado a las operaciones de cacer\u00eda de inmigrantes.<br><strong><em>ET \/ Agencias<\/em><\/strong><\/p>\n","protected":false},"excerpt":{"rendered":"<p>ENTRE TORMENTAS. El presidente de Estados Unidos, Donald Trump, firm\u00f3 una orden ejecutiva con la&#8230;<\/p>\n","protected":false},"author":2,"featured_media":14512,"comment_status":"closed","ping_status":"open","sticky":false,"template":"","format":"standard","meta":{"footnotes":""},"categories":[56,48],"tags":[],"class_list":["post-14511","post","type-post","status-publish","format-standard","has-post-thumbnail","hentry","category-destacadas","category-internacionales"],"_links":{"self":[{"href":"https:\/\/entretormentas.com\/index.php?rest_route=\/wp\/v2\/posts\/14511","targetHints":{"allow":["GET"]}}],"collection":[{"href":"https:\/\/entretormentas.com\/index.php?rest_route=\/wp\/v2\/posts"}],"about":[{"href":"https:\/\/entretormentas.com\/index.php?rest_route=\/wp\/v2\/types\/post"}],"author":[{"embeddable":true,"href":"https:\/\/entretormentas.com\/index.php?rest_route=\/wp\/v2\/users\/2"}],"replies":[{"embeddable":true,"href":"https:\/\/entretormentas.com\/index.php?rest_route=%2Fwp%2Fv2%2Fcomments&post=14511"}],"version-history":[{"count":1,"href":"https:\/\/entretormentas.com\/index.php?rest_route=\/wp\/v2\/posts\/14511\/revisions"}],"predecessor-version":[{"id":14514,"href":"https:\/\/entretormentas.com\/index.php?rest_route=\/wp\/v2\/posts\/14511\/revisions\/14514"}],"wp:featuredmedia":[{"embeddable":true,"href":"https:\/\/entretormentas.com\/index.php?rest_route=\/wp\/v2\/media\/14512"}],"wp:attachment":[{"href":"https:\/\/entretormentas.com\/index.php?rest_route=%2Fwp%2Fv2%2Fmedia&parent=14511"}],"wp:term":[{"taxonomy":"category","embeddable":true,"href":"https:\/\/entretormentas.com\/index.php?rest_route=%2Fwp%2Fv2%2Fcategories&post=14511"},{"taxonomy":"post_tag","embeddable":true,"href":"https:\/\/entretormentas.com\/index.php?rest_route=%2Fwp%2Fv2%2Ftags&post=14511"}],"curies":[{"name":"wp","href":"https:\/\/api.w.org\/{rel}","templated":true}]}}