{"id":14515,"date":"2025-03-23T07:19:56","date_gmt":"2025-03-23T06:19:56","guid":{"rendered":"https:\/\/entretormentas.com\/?p=14515"},"modified":"2025-03-23T07:19:58","modified_gmt":"2025-03-23T06:19:58","slug":"inclusion-corpozulia-anuncia-proceso-de-postulacion-laboral-para-personas-con-discapacidad","status":"publish","type":"post","link":"https:\/\/entretormentas.com\/inclusion-corpozulia-anuncia-proceso-de-postulacion-laboral-para-personas-con-discapacidad\/","title":{"rendered":"\u00a1INCLUSI\u00d3N! Corpozulia anuncia proceso de postulaci\u00f3n laboral para personas con discapacidad"},"content":{"rendered":"\n<p><strong>ENTRE TORMENTAS.<\/strong> La Corporaci\u00f3n para el Desarrollo de la Regi\u00f3n Zuliana (Corpozulia) abrir\u00e1 la pr\u00f3xima semana el proceso de postulaci\u00f3n para incluir en sus actividades laborales a personas con discapacidad.<\/p>\n\n\n\n<p>As\u00ed lo anunci\u00f3 el presidente de la Corporaci\u00f3n, G\/J N\u00e9stor Reverol, quien destac\u00f3 que de esta manera cumplen con la Ley para la Inclusi\u00f3n, Igualdad y Desarrollo Integral de las Personas con Discapacidad, firmada por el primer mandatario, Nicol\u00e1s Maduro, con el fin de reforzar el compromiso de la inclusi\u00f3n y la no discriminaci\u00f3n.<\/p>\n\n\n\n<p>\u201cEl objetivo es generar conciencia sobre los derechos, la dignidad y las valiosas contribuciones de las personas con esta condici\u00f3n\u201d, indic\u00f3 Reverol, durante la segunda jornada \u201cEl Arte de Ser \u00danicos\u201d, organizada por el Comit\u00e9 de Acci\u00f3n Social de Corpozulia, para conmemorar el D\u00eda Mundial del S\u00edndrome de Down.<\/p>\n\n\n\n<p>En tal sentido, asegur\u00f3 que las atenciones para estas personas \u00fanicas no se detendr\u00e1n, ya que la pr\u00f3xima semana tambi\u00e9n se llevar\u00e1 a cabo un Compartir en el Cine con la proyecci\u00f3n de una pel\u00edcula exclusivamente reservada para los ni\u00f1os, j\u00f3venes y adultos con S\u00edndrome de Down.<\/p>\n\n\n\n<figure class=\"wp-block-image size-large\"><img fetchpriority=\"high\" decoding=\"async\" width=\"1024\" height=\"682\" src=\"https:\/\/entretormentas.com\/wp-content\/uploads\/2025\/03\/image-415-1024x682.png\" alt=\"\" class=\"wp-image-14517\" srcset=\"https:\/\/entretormentas.com\/wp-content\/uploads\/2025\/03\/image-415-1024x682.png 1024w, https:\/\/entretormentas.com\/wp-content\/uploads\/2025\/03\/image-415-300x200.png 300w, https:\/\/entretormentas.com\/wp-content\/uploads\/2025\/03\/image-415-768x512.png 768w, https:\/\/entretormentas.com\/wp-content\/uploads\/2025\/03\/image-415.png 1280w\" sizes=\"(max-width: 1024px) 100vw, 1024px\" \/><\/figure>\n\n\n\n<p>Igualmente, realizar\u00e1n una Jornada Integral de Salud con diversas especialidades m\u00e9dicas.<\/p>\n\n\n\n<p>Reverol precis\u00f3 que en el marco de la jornada desplegada este viernes, 240 ni\u00f1os, adolescentes y j\u00f3venes junto a sus representantes recibieron 500 donaciones entre atenci\u00f3n m\u00e9dica general y oftalmol\u00f3gica, as\u00ed como la entrega de kit de medicamentos.<\/p>\n\n\n\n<p>Tambi\u00e9n se sumaron los servicios de registro y certificaci\u00f3n de personas con discapacidad, barber\u00eda, peluquer\u00eda y entrega de combos de alimentaci\u00f3n.<\/p>\n\n\n\n<p>Adem\u00e1s, disfrutaron de actividades recreativas como colchones inflables, meriendas, hora loca, talento en vivo y bailoterapia.<\/p>\n\n\n\n<p>El presidente de Corpozulia reiter\u00f3 su compromiso en organizar las diferentes jornadas de salud, recreativas y educativas \u00aba todos mis hermanos zulianos, porque preservar su bienestar es mi prioridad\u201d, concluy\u00f3 Reverol.<br><strong><em>ET \/ Prensa Corpozulia<\/em><\/strong><\/p>\n\n\n\n<p><\/p>\n","protected":false},"excerpt":{"rendered":"<p>ENTRE TORMENTAS. La Corporaci\u00f3n para el Desarrollo de la Regi\u00f3n Zuliana (Corpozulia) abrir\u00e1 la pr\u00f3xima&#8230;<\/p>\n","protected":false},"author":2,"featured_media":14516,"comment_status":"closed","ping_status":"open","sticky":false,"template":"","format":"standard","meta":{"footnotes":""},"categories":[57,1],"tags":[],"class_list":["post-14515","post","type-post","status-publish","format-standard","has-post-thumbnail","hentry","category-actualidad","category-regionales"],"_links":{"self":[{"href":"https:\/\/entretormentas.com\/index.php?rest_route=\/wp\/v2\/posts\/14515","targetHints":{"allow":["GET"]}}],"collection":[{"href":"https:\/\/entretormentas.com\/index.php?rest_route=\/wp\/v2\/posts"}],"about":[{"href":"https:\/\/entretormentas.com\/index.php?rest_route=\/wp\/v2\/types\/post"}],"author":[{"embeddable":true,"href":"https:\/\/entretormentas.com\/index.php?rest_route=\/wp\/v2\/users\/2"}],"replies":[{"embeddable":true,"href":"https:\/\/entretormentas.com\/index.php?rest_route=%2Fwp%2Fv2%2Fcomments&post=14515"}],"version-history":[{"count":1,"href":"https:\/\/entretormentas.com\/index.php?rest_route=\/wp\/v2\/posts\/14515\/revisions"}],"predecessor-version":[{"id":14518,"href":"https:\/\/entretormentas.com\/index.php?rest_route=\/wp\/v2\/posts\/14515\/revisions\/14518"}],"wp:featuredmedia":[{"embeddable":true,"href":"https:\/\/entretormentas.com\/index.php?rest_route=\/wp\/v2\/media\/14516"}],"wp:attachment":[{"href":"https:\/\/entretormentas.com\/index.php?rest_route=%2Fwp%2Fv2%2Fmedia&parent=14515"}],"wp:term":[{"taxonomy":"category","embeddable":true,"href":"https:\/\/entretormentas.com\/index.php?rest_route=%2Fwp%2Fv2%2Fcategories&post=14515"},{"taxonomy":"post_tag","embeddable":true,"href":"https:\/\/entretormentas.com\/index.php?rest_route=%2Fwp%2Fv2%2Ftags&post=14515"}],"curies":[{"name":"wp","href":"https:\/\/api.w.org\/{rel}","templated":true}]}}