{"id":14526,"date":"2025-03-23T07:32:45","date_gmt":"2025-03-23T06:32:45","guid":{"rendered":"https:\/\/entretormentas.com\/?p=14526"},"modified":"2025-03-23T07:32:47","modified_gmt":"2025-03-23T06:32:47","slug":"primavera-dorada-san-francisco-celebra-el-regalo-de-la-naturaleza-con-el-florecimiento-de-los-curarires-fotos","status":"publish","type":"post","link":"https:\/\/entretormentas.com\/primavera-dorada-san-francisco-celebra-el-regalo-de-la-naturaleza-con-el-florecimiento-de-los-curarires-fotos\/","title":{"rendered":"\u00a1PRIMAVERA DORADA! San Francisco celebra el regalo de la naturaleza con el florecimiento de los Curarires (+ Fotos)"},"content":{"rendered":"\n<p><strong>ENTRE TORMENTAS. <\/strong>Desde el Jard\u00edn Bot\u00e1nico de Maracaibo Dr. Leandro Aristeguieta, en un evento que resalta la belleza de la naturaleza, unos 200 sanfranciscanos disfrutaron, este s\u00e1bado, del florecimiento de los curarires gracias a la iniciativa del alcalde Gustavo Fern\u00e1ndez, quien convoc\u00f3 a los habitantes del municipio a disfrutar en familia de un d\u00eda inolvidable en este pulm\u00f3n natural de la regi\u00f3n.<\/p>\n\n\n\n<figure class=\"wp-block-image size-large\"><img fetchpriority=\"high\" decoding=\"async\" width=\"1024\" height=\"768\" src=\"https:\/\/entretormentas.com\/wp-content\/uploads\/2025\/03\/image-420-1024x768.png\" alt=\"\" class=\"wp-image-14528\" srcset=\"https:\/\/entretormentas.com\/wp-content\/uploads\/2025\/03\/image-420-1024x768.png 1024w, https:\/\/entretormentas.com\/wp-content\/uploads\/2025\/03\/image-420-300x225.png 300w, https:\/\/entretormentas.com\/wp-content\/uploads\/2025\/03\/image-420-768x576.png 768w, https:\/\/entretormentas.com\/wp-content\/uploads\/2025\/03\/image-420.png 1280w\" sizes=\"(max-width: 1024px) 100vw, 1024px\" \/><\/figure>\n\n\n\n<p>Desde muy temprano, hasta la sede del ayuntamiento sure\u00f1o, se acercaron los ciudadanos que se inscribieron a trav\u00e9s de un formulario disponible en las cuentas @alcaldia_sanfco, @dsocialsanfco y @turismo_sanfco para formar parte de este inolvidable fen\u00f3meno conocido como la Primavera Dorada que, por parte de la gesti\u00f3n municipal, reunir\u00e1 a 400 personas durante dos d\u00edas para este espect\u00e1culo visual de la naturaleza.<\/p>\n\n\n\n<p>El l\u00edder municipal junto a la Primera Dama, Franciela N\u00fa\u00f1ez de Fern\u00e1ndez, y gran parte de su equipo, disfrut\u00f3 del florecimiento de los curarires y record\u00f3 que esta belleza natural est\u00e1 ubicada en la parroquia Marcial Hern\u00e1ndez.<\/p>\n\n\n\n<figure class=\"wp-block-image size-large\"><img decoding=\"async\" width=\"1024\" height=\"682\" src=\"https:\/\/entretormentas.com\/wp-content\/uploads\/2025\/03\/image-421-1024x682.png\" alt=\"\" class=\"wp-image-14529\" srcset=\"https:\/\/entretormentas.com\/wp-content\/uploads\/2025\/03\/image-421-1024x682.png 1024w, https:\/\/entretormentas.com\/wp-content\/uploads\/2025\/03\/image-421-300x200.png 300w, https:\/\/entretormentas.com\/wp-content\/uploads\/2025\/03\/image-421-768x512.png 768w, https:\/\/entretormentas.com\/wp-content\/uploads\/2025\/03\/image-421.png 1280w\" sizes=\"(max-width: 1024px) 100vw, 1024px\" \/><\/figure>\n\n\n\n<p>El florecimiento de los curarires, un fen\u00f3meno natural que se celebra c\u00edclicamente, este a\u00f1o ha llegado con una particularidad: las lluvias anticipadas han adelantado este hermoso espect\u00e1culo, que normalmente se observa a finales de abril y principios de mayo, dijo Gustavo Fern\u00e1ndez, durante el recorrido. Adem\u00e1s destac\u00f3 que este cambio en el clima ha alterado las actividades tur\u00edsticas en diversas ciudades, pero no ha disminuido el entusiasmo de quienes asisten a disfrutar de este regalo de la naturaleza.<\/p>\n\n\n\n<p>La actividad esta pautada para s\u00e1bado y domingo, con el apoyo de la Gerencia de Desarrollo Social y Participaci\u00f3n Ciudadana y la direcci\u00f3n de Turismo. Por lo que este s\u00e1bado unas 200 personas fueron transportadas gratuitamente desde la alcald\u00eda de San Francisco hasta el Jard\u00edn Bot\u00e1nico. Durante la visita, los asistentes recibieron hidrataci\u00f3n y orientaci\u00f3n sobre el evento natural, asegurando que todos pudieran conectarse con estos espacios llenos de vida.<\/p>\n\n\n\n<p>El alcalde Fern\u00e1ndez M\u00e9ndez expres\u00f3 su alegr\u00eda por la participaci\u00f3n de los sanfranciscanos y la importancia de preservar estos espacios verdes, que no solo embellecen la ciudad, sino que tambi\u00e9n son un refugio para la biodiversidad. \u00abSeguimos disfrutando de lo bonito que nos brinda la naturaleza. Es un orgullo para San Francisco, que el Jard\u00edn Bot\u00e1nico, cuna del florecimiento de los Curarires, est\u00e9 en nuestro territorio\u00bb, afirm\u00f3.<\/p>\n\n\n\n<figure class=\"wp-block-image size-large\"><img decoding=\"async\" width=\"1024\" height=\"768\" src=\"https:\/\/entretormentas.com\/wp-content\/uploads\/2025\/03\/image-422-1024x768.png\" alt=\"\" class=\"wp-image-14530\" srcset=\"https:\/\/entretormentas.com\/wp-content\/uploads\/2025\/03\/image-422-1024x768.png 1024w, https:\/\/entretormentas.com\/wp-content\/uploads\/2025\/03\/image-422-300x225.png 300w, https:\/\/entretormentas.com\/wp-content\/uploads\/2025\/03\/image-422-768x576.png 768w, https:\/\/entretormentas.com\/wp-content\/uploads\/2025\/03\/image-422.png 1280w\" sizes=\"(max-width: 1024px) 100vw, 1024px\" \/><\/figure>\n\n\n\n<p>\u201cLa celebraci\u00f3n del florecimiento de los curarires ocurre una vez al a\u00f1o, por ende el alcalde Gustavo Fern\u00e1ndez hizo una invitaci\u00f3n a trav\u00e9s de las redes sociales a los sanfranciscanos para llevarlos de manera gratuita durante dos d\u00edas, destacando que este s\u00e1bado fueron 200 personas y 200 personas m\u00e1s este domingo. Seguimos apostando por actividades como estas que impulsan el desarrollo y el turismo en nuestro municipio\u201d, as\u00ed lo destac\u00f3 Glayvic Boh\u00f3rquez, directora de Turismo.<\/p>\n\n\n\n<p>Los visitantes como Norma Valbuena, habitante de San Francisco, agradecieron esta iniciativa por parte de la gesti\u00f3n municipal: \u201cDesde que nuestro alcalde nos convoca a este disfrute natural tenemos tres a\u00f1os que venimos en familia\u201d, expres\u00f3.<br><strong><em>ET \/ Alcald\u00eda de San Francisco<\/em><\/strong><\/p>\n\n\n\n<p><\/p>\n","protected":false},"excerpt":{"rendered":"<p>ENTRE TORMENTAS. Desde el Jard\u00edn Bot\u00e1nico de Maracaibo Dr. Leandro Aristeguieta, en un evento que&#8230;<\/p>\n","protected":false},"author":2,"featured_media":14527,"comment_status":"closed","ping_status":"open","sticky":false,"template":"","format":"standard","meta":{"footnotes":""},"categories":[57,1],"tags":[],"class_list":["post-14526","post","type-post","status-publish","format-standard","has-post-thumbnail","hentry","category-actualidad","category-regionales"],"_links":{"self":[{"href":"https:\/\/entretormentas.com\/index.php?rest_route=\/wp\/v2\/posts\/14526","targetHints":{"allow":["GET"]}}],"collection":[{"href":"https:\/\/entretormentas.com\/index.php?rest_route=\/wp\/v2\/posts"}],"about":[{"href":"https:\/\/entretormentas.com\/index.php?rest_route=\/wp\/v2\/types\/post"}],"author":[{"embeddable":true,"href":"https:\/\/entretormentas.com\/index.php?rest_route=\/wp\/v2\/users\/2"}],"replies":[{"embeddable":true,"href":"https:\/\/entretormentas.com\/index.php?rest_route=%2Fwp%2Fv2%2Fcomments&post=14526"}],"version-history":[{"count":1,"href":"https:\/\/entretormentas.com\/index.php?rest_route=\/wp\/v2\/posts\/14526\/revisions"}],"predecessor-version":[{"id":14531,"href":"https:\/\/entretormentas.com\/index.php?rest_route=\/wp\/v2\/posts\/14526\/revisions\/14531"}],"wp:featuredmedia":[{"embeddable":true,"href":"https:\/\/entretormentas.com\/index.php?rest_route=\/wp\/v2\/media\/14527"}],"wp:attachment":[{"href":"https:\/\/entretormentas.com\/index.php?rest_route=%2Fwp%2Fv2%2Fmedia&parent=14526"}],"wp:term":[{"taxonomy":"category","embeddable":true,"href":"https:\/\/entretormentas.com\/index.php?rest_route=%2Fwp%2Fv2%2Fcategories&post=14526"},{"taxonomy":"post_tag","embeddable":true,"href":"https:\/\/entretormentas.com\/index.php?rest_route=%2Fwp%2Fv2%2Ftags&post=14526"}],"curies":[{"name":"wp","href":"https:\/\/api.w.org\/{rel}","templated":true}]}}