{"id":14532,"date":"2025-03-23T07:35:08","date_gmt":"2025-03-23T06:35:08","guid":{"rendered":"https:\/\/entretormentas.com\/?p=14532"},"modified":"2025-03-23T07:35:10","modified_gmt":"2025-03-23T06:35:10","slug":"buena-noticia-el-papa-francisco-deja-el-hospital-tras-casi-40-dias-internado","status":"publish","type":"post","link":"https:\/\/entretormentas.com\/buena-noticia-el-papa-francisco-deja-el-hospital-tras-casi-40-dias-internado\/","title":{"rendered":"\u00a1BUENA NOTICIA! El papa Francisco deja el hospital tras casi 40 d\u00edas internado"},"content":{"rendered":"\n<p><strong>ENTRE TORMENTAS.<\/strong> El papa Francisco, de 88 a\u00f1os y con problemas respiratorios cr\u00f3nicos, ha logrado superar una estancia de casi 40 d\u00edas por una neumon\u00eda bilateral en el Policl\u00ednico Gemelli, con \u00abdos episodios cr\u00edticos que pusieron en peligro su vida\u00bb, seg\u00fan revelaron los m\u00e9dicos al anunciar que este domingo (23\/03\/2025), recibir\u00e1 el alta hospitalaria.<\/p>\n\n\n\n<p>El pont\u00edfice \u00abser\u00e1 dado de alta ma\u00f1ana\u00bb al encontrarse \u00abestable desde hace quince d\u00edas. El periodo de reposo en la Casa Santa Marta continuar\u00e1 y permanecer\u00e1 en convalecencia durante al menos dos meses\u00bb, revel\u00f3 el doctor Sergio Alfieri, jefe del equipo que le ha tratado, en una rueda de prensa, refiere la nota de DW.<\/p>\n\n\n\n<p>El anuncio de que Francisco ten\u00eda intenci\u00f3n de asomarse el domingo a la ventana del apartamento del d\u00e9cimo piso del hospital donde est\u00e1 ingresado, al t\u00e9rmino del rezo dominical del \u00c1ngelus, ya se hab\u00eda tomado como una clara se\u00f1al de que la lenta y gradual mejor\u00eda de las \u00faltimas semanas se estaba consolidando. Pero nada hac\u00eda prever que el papa fuera a regresar ya al Vaticano e incluso la sala de prensa de la Santa Sede hab\u00eda anunciado para el pr\u00f3ximo lunes el siguiente parte m\u00e9dico.<\/p>\n\n\n\n<p>\u00abEst\u00e1 content\u00edsimo\u00bb, revel\u00f3 el doctor Luigi Carbone, m\u00e9dico de la Direcci\u00f3n de la Sanidad del Vaticano y que es el responsable de la salud del pont\u00edfice, antes de a\u00f1adir que Francisco \u00ablleva cuatro d\u00edas preguntando\u00bb cu\u00e1ndo sale.<\/p>\n\n\n\n<p>El papa ingres\u00f3 el pasado 14 de febrero en el Gemelli por sus problemas de respiraci\u00f3n, que resultaron deberse a una bronquitis por infecci\u00f3n polimicrobiol\u00f3gica a la que se sum\u00f3 una neumon\u00eda bilateral.<\/p>\n\n\n\n<p>Alfieri, responsable de Cirug\u00eda del Gemelli y que oper\u00f3 al papa en las anteriores ocasiones, explic\u00f3 que ahora es m\u00e1s segura su casa que el hospital, \u00abque es donde se pueden contraer infecciones con mayor facilidad\u201d.<\/p>\n\n\n\n<p>Carbone, que se encargar\u00e1 del tratamiento del papa en el Vaticano, explic\u00f3 que all\u00ed \u00abcontinuar\u00e1 con la terapia motora y respiratoria que ha hecho en el hospital. En este momento es lo m\u00e1s importante y lo que necesita para recuperarse\u00ab.<\/p>\n\n\n\n<p>Ma\u00f1ana se producir\u00e1 la esperada reaparici\u00f3n p\u00fablica del papa \u00abpara saludar y bendecir al final del \u00c1ngelus\u00ab, no se espera que dirija unas palabras a los fieles, aunque con Francisco siempre es dif\u00edcil hacer previsiones.<br><strong><em>ET \/ Agencias<\/em><\/strong><\/p>\n","protected":false},"excerpt":{"rendered":"<p>ENTRE TORMENTAS. El papa Francisco, de 88 a\u00f1os y con problemas respiratorios cr\u00f3nicos, ha logrado&#8230;<\/p>\n","protected":false},"author":2,"featured_media":14533,"comment_status":"closed","ping_status":"open","sticky":false,"template":"","format":"standard","meta":{"footnotes":""},"categories":[56,48],"tags":[],"class_list":["post-14532","post","type-post","status-publish","format-standard","has-post-thumbnail","hentry","category-destacadas","category-internacionales"],"_links":{"self":[{"href":"https:\/\/entretormentas.com\/index.php?rest_route=\/wp\/v2\/posts\/14532","targetHints":{"allow":["GET"]}}],"collection":[{"href":"https:\/\/entretormentas.com\/index.php?rest_route=\/wp\/v2\/posts"}],"about":[{"href":"https:\/\/entretormentas.com\/index.php?rest_route=\/wp\/v2\/types\/post"}],"author":[{"embeddable":true,"href":"https:\/\/entretormentas.com\/index.php?rest_route=\/wp\/v2\/users\/2"}],"replies":[{"embeddable":true,"href":"https:\/\/entretormentas.com\/index.php?rest_route=%2Fwp%2Fv2%2Fcomments&post=14532"}],"version-history":[{"count":1,"href":"https:\/\/entretormentas.com\/index.php?rest_route=\/wp\/v2\/posts\/14532\/revisions"}],"predecessor-version":[{"id":14534,"href":"https:\/\/entretormentas.com\/index.php?rest_route=\/wp\/v2\/posts\/14532\/revisions\/14534"}],"wp:featuredmedia":[{"embeddable":true,"href":"https:\/\/entretormentas.com\/index.php?rest_route=\/wp\/v2\/media\/14533"}],"wp:attachment":[{"href":"https:\/\/entretormentas.com\/index.php?rest_route=%2Fwp%2Fv2%2Fmedia&parent=14532"}],"wp:term":[{"taxonomy":"category","embeddable":true,"href":"https:\/\/entretormentas.com\/index.php?rest_route=%2Fwp%2Fv2%2Fcategories&post=14532"},{"taxonomy":"post_tag","embeddable":true,"href":"https:\/\/entretormentas.com\/index.php?rest_route=%2Fwp%2Fv2%2Ftags&post=14532"}],"curies":[{"name":"wp","href":"https:\/\/api.w.org\/{rel}","templated":true}]}}