{"id":14535,"date":"2025-03-23T07:37:53","date_gmt":"2025-03-23T06:37:53","guid":{"rendered":"https:\/\/entretormentas.com\/?p=14535"},"modified":"2025-03-23T07:37:54","modified_gmt":"2025-03-23T06:37:54","slug":"medida-trump-amenaza-con-castigar-a-abogados-que-denuncien-sus-medidas-migratorias","status":"publish","type":"post","link":"https:\/\/entretormentas.com\/medida-trump-amenaza-con-castigar-a-abogados-que-denuncien-sus-medidas-migratorias\/","title":{"rendered":"\u00a1MEDIDA! Trump amenaza con castigar a abogados que denuncien sus medidas migratorias"},"content":{"rendered":"\n<p><strong>ENTRE TORMENTAS. <\/strong>El presidente de Estados Unidos, Donald Trump, amenaz\u00f3 este s\u00e1bado con tomar medidas contra aquellos abogados y equipos legales que presenten demandas contra medidas migratorias adoptadas por su Administraci\u00f3n, en un nuevo intento por expandir el poder del Ejecutivo, inform\u00f3 EFE.<\/p>\n\n\n\n<p>En un memorando firmado el viernes y hecho p\u00fablico este s\u00e1bado por la Casa Blanca, Trump afirm\u00f3 que los abogados est\u00e1n alimentando un \u00abfraude desenfrenado y reclamaciones sin m\u00e9rito\u00bb en el sistema migratorio, por lo que orden\u00f3 al Departamento de Justicia que sancione a aquellos que incurren en lo que a su juicio son conductas profesionales indebidas.<\/p>\n\n\n\n<p>El documento tambi\u00e9n instruye a los responsables de los Departamentos de Justicia y Seguridad Nacional a \u00abimponer sanciones a abogados y firmas que interpongan litigios fr\u00edvolos, irrazonables y vejatorios contra Estados Unidos\u00bb.<\/p>\n\n\n\n<p>En ese sentido, inst\u00f3 a la fiscal general, Pam Bondi, a remitir dichos bufetes a la Casa Blanca para que se les retiren ciertas credenciales y se les rescinda cualquier contrato que puedan tener con el Gobierno federal.<\/p>\n\n\n\n<figure class=\"wp-block-image size-full\"><img fetchpriority=\"high\" decoding=\"async\" width=\"800\" height=\"450\" src=\"https:\/\/entretormentas.com\/wp-content\/uploads\/2025\/03\/image-379.png\" alt=\"\" class=\"wp-image-14449\" srcset=\"https:\/\/entretormentas.com\/wp-content\/uploads\/2025\/03\/image-379.png 800w, https:\/\/entretormentas.com\/wp-content\/uploads\/2025\/03\/image-379-300x169.png 300w, https:\/\/entretormentas.com\/wp-content\/uploads\/2025\/03\/image-379-768x432.png 768w\" sizes=\"(max-width: 800px) 100vw, 800px\" \/><\/figure>\n\n\n\n<p><strong>RECHAZO A LA DECISI\u00d3N PRESIDENCIAL<\/strong><br>La Uni\u00f3n Estadounidense de Libertades Civiles (ACLU, en ingl\u00e9s), que ha impulsado varias demandas contra las medidas adoptadas por Trump desde su regreso a la Casa Blanca, conden\u00f3 la decisi\u00f3n en un comunicado.<\/p>\n\n\n\n<p>Cecillia Wang, directora legal nacional de la ACLU, calific\u00f3 la orden como \u00abotro paso\u00bb de Trump hacia el desmantelamiento del \u00abEstado de derecho\u00bb y un intento de \u00absilenciar\u00bb a los abogados que intentan exigir al Gobierno responsabilidades cuando se vulneran los derechos de la poblaci\u00f3n.<\/p>\n\n\n\n<p>\u00abEsta acci\u00f3n del presidente de Estados Unidos es un ataque sin precedentes y estremecedor a los cimientos de la libertad y la democracia\u00bb, afirm\u00f3 Wang.<\/p>\n\n\n\n<p>Actualmente, los tribunales federales est\u00e1n examinando m\u00e1s de un centenar de demandas contra medidas adoptadas por Trump, muchas de ellas en materia migratoria.<\/p>\n\n\n\n<p>Un juez, por ejemplo, ha fallado en contra de su intento de negar la ciudadan\u00eda a hijos de inmigrantes indocumentados o con visados temporales nacidos en Estados Unidos.<br><strong><em>ET \/ Agencias<\/em><\/strong><\/p>\n\n\n\n<p><\/p>\n","protected":false},"excerpt":{"rendered":"<p>ENTRE TORMENTAS. El presidente de Estados Unidos, Donald Trump, amenaz\u00f3 este s\u00e1bado con tomar medidas&#8230;<\/p>\n","protected":false},"author":2,"featured_media":14536,"comment_status":"closed","ping_status":"open","sticky":false,"template":"","format":"standard","meta":{"footnotes":""},"categories":[56,48],"tags":[],"class_list":["post-14535","post","type-post","status-publish","format-standard","has-post-thumbnail","hentry","category-destacadas","category-internacionales"],"_links":{"self":[{"href":"https:\/\/entretormentas.com\/index.php?rest_route=\/wp\/v2\/posts\/14535","targetHints":{"allow":["GET"]}}],"collection":[{"href":"https:\/\/entretormentas.com\/index.php?rest_route=\/wp\/v2\/posts"}],"about":[{"href":"https:\/\/entretormentas.com\/index.php?rest_route=\/wp\/v2\/types\/post"}],"author":[{"embeddable":true,"href":"https:\/\/entretormentas.com\/index.php?rest_route=\/wp\/v2\/users\/2"}],"replies":[{"embeddable":true,"href":"https:\/\/entretormentas.com\/index.php?rest_route=%2Fwp%2Fv2%2Fcomments&post=14535"}],"version-history":[{"count":1,"href":"https:\/\/entretormentas.com\/index.php?rest_route=\/wp\/v2\/posts\/14535\/revisions"}],"predecessor-version":[{"id":14537,"href":"https:\/\/entretormentas.com\/index.php?rest_route=\/wp\/v2\/posts\/14535\/revisions\/14537"}],"wp:featuredmedia":[{"embeddable":true,"href":"https:\/\/entretormentas.com\/index.php?rest_route=\/wp\/v2\/media\/14536"}],"wp:attachment":[{"href":"https:\/\/entretormentas.com\/index.php?rest_route=%2Fwp%2Fv2%2Fmedia&parent=14535"}],"wp:term":[{"taxonomy":"category","embeddable":true,"href":"https:\/\/entretormentas.com\/index.php?rest_route=%2Fwp%2Fv2%2Fcategories&post=14535"},{"taxonomy":"post_tag","embeddable":true,"href":"https:\/\/entretormentas.com\/index.php?rest_route=%2Fwp%2Fv2%2Ftags&post=14535"}],"curies":[{"name":"wp","href":"https:\/\/api.w.org\/{rel}","templated":true}]}}