{"id":14544,"date":"2025-03-23T07:44:43","date_gmt":"2025-03-23T06:44:43","guid":{"rendered":"https:\/\/entretormentas.com\/?p=14544"},"modified":"2025-03-23T07:44:44","modified_gmt":"2025-03-23T06:44:44","slug":"compromiso-maduro-afirma-que-buscara-hasta-el-ultimo-migrante-venezolano-en-eeuu","status":"publish","type":"post","link":"https:\/\/entretormentas.com\/compromiso-maduro-afirma-que-buscara-hasta-el-ultimo-migrante-venezolano-en-eeuu\/","title":{"rendered":"\u00a1COMPROMISO! Maduro afirma que buscar\u00e1 \u00abhasta el \u00faltimo\u00bb migrante venezolano en EEUU"},"content":{"rendered":"\n<p><strong>ENTRE TORMENTAS.<\/strong> El presidente Nicol\u00e1s Maduro afirm\u00f3 este s\u00e1bado que su Administraci\u00f3n buscar\u00e1 \u00abhasta el \u00faltimo\u00bb migrante venezolano en EEUU, luego del anuncio de la reanudaci\u00f3n de vuelos de repatriaci\u00f3n entre ambos pa\u00edses.<\/p>\n\n\n\n<p>\u00abVamos a buscarlos, hasta el \u00faltimo lo vamos a buscar y los vamos a reincorporar en una Venezuela que tiene que crecerse, reverdecer, recuperarse plenamente\u00bb, se\u00f1al\u00f3 el l\u00edder chavista en el acto de despedida del buque escuela Sim\u00f3n Bol\u00edvar, que zarp\u00f3 hoy hacia el Caribe en un viaje de instrucci\u00f3n, transmitido por el canal estatal Venezolana de Televisi\u00f3n (VTV).<\/p>\n\n\n\n<p>El presidente sostuvo que gracias a la \u00abpersistencia\u00bb de su Administraci\u00f3n se reanudar\u00e1n los vuelos para seguir \u00abrescatando y liberando migrantes de las c\u00e1rceles de Estados Unidos\u00bb, informa EFE.<br><strong><em>ET \/ Agencias<\/em><\/strong><\/p>\n","protected":false},"excerpt":{"rendered":"<p>ENTRE TORMENTAS. El presidente Nicol\u00e1s Maduro afirm\u00f3 este s\u00e1bado que su Administraci\u00f3n buscar\u00e1 \u00abhasta el&#8230;<\/p>\n","protected":false},"author":2,"featured_media":14545,"comment_status":"closed","ping_status":"open","sticky":false,"template":"","format":"standard","meta":{"footnotes":""},"categories":[56,49],"tags":[],"class_list":["post-14544","post","type-post","status-publish","format-standard","has-post-thumbnail","hentry","category-destacadas","category-nacionales"],"_links":{"self":[{"href":"https:\/\/entretormentas.com\/index.php?rest_route=\/wp\/v2\/posts\/14544","targetHints":{"allow":["GET"]}}],"collection":[{"href":"https:\/\/entretormentas.com\/index.php?rest_route=\/wp\/v2\/posts"}],"about":[{"href":"https:\/\/entretormentas.com\/index.php?rest_route=\/wp\/v2\/types\/post"}],"author":[{"embeddable":true,"href":"https:\/\/entretormentas.com\/index.php?rest_route=\/wp\/v2\/users\/2"}],"replies":[{"embeddable":true,"href":"https:\/\/entretormentas.com\/index.php?rest_route=%2Fwp%2Fv2%2Fcomments&post=14544"}],"version-history":[{"count":1,"href":"https:\/\/entretormentas.com\/index.php?rest_route=\/wp\/v2\/posts\/14544\/revisions"}],"predecessor-version":[{"id":14546,"href":"https:\/\/entretormentas.com\/index.php?rest_route=\/wp\/v2\/posts\/14544\/revisions\/14546"}],"wp:featuredmedia":[{"embeddable":true,"href":"https:\/\/entretormentas.com\/index.php?rest_route=\/wp\/v2\/media\/14545"}],"wp:attachment":[{"href":"https:\/\/entretormentas.com\/index.php?rest_route=%2Fwp%2Fv2%2Fmedia&parent=14544"}],"wp:term":[{"taxonomy":"category","embeddable":true,"href":"https:\/\/entretormentas.com\/index.php?rest_route=%2Fwp%2Fv2%2Fcategories&post=14544"},{"taxonomy":"post_tag","embeddable":true,"href":"https:\/\/entretormentas.com\/index.php?rest_route=%2Fwp%2Fv2%2Ftags&post=14544"}],"curies":[{"name":"wp","href":"https:\/\/api.w.org\/{rel}","templated":true}]}}