{"id":14555,"date":"2025-03-24T08:27:26","date_gmt":"2025-03-24T07:27:26","guid":{"rendered":"https:\/\/entretormentas.com\/?p=14555"},"modified":"2025-03-24T08:27:27","modified_gmt":"2025-03-24T07:27:27","slug":"en-san-francisco-capacitan-aspirantes-de-la-2da-cohorte-del-sistema-medico-de-emergencias-del-sur","status":"publish","type":"post","link":"https:\/\/entretormentas.com\/en-san-francisco-capacitan-aspirantes-de-la-2da-cohorte-del-sistema-medico-de-emergencias-del-sur\/","title":{"rendered":"\u00a1EN SAN FRANCISCO! Capacitan aspirantes de la 2da cohorte del Sistema M\u00e9dico de Emergencias del Sur"},"content":{"rendered":"\n<p><strong>ENTRE TORMENTAS.<\/strong> Para la gesti\u00f3n del alcalde de San Francisco, Gustavo Fern\u00e1ndez la salud es lo primero. Es por ello que despu\u00e9s de una masiva convocatoria, 85 aspirantes iniciaron este fin de semana la capacitaci\u00f3n para pertenecer a la segunda cohorte de la Red de Emergencias del Sur, Sismesur.<\/p>\n\n\n\n<p>Este programa est\u00e1 dise\u00f1ado para tener una duraci\u00f3n de 6 meses y ofrece capacitaci\u00f3n y entrenamiento de alta calidad en \u00e1reas clave como primeros auxilios, manejo de crisis, comunicaci\u00f3n en emergencias, evaluaci\u00f3n de riesgos y mucho m\u00e1s.<\/p>\n\n\n\n<figure class=\"wp-block-image size-large\"><img fetchpriority=\"high\" decoding=\"async\" width=\"1024\" height=\"770\" src=\"https:\/\/entretormentas.com\/wp-content\/uploads\/2025\/03\/image-432-1024x770.png\" alt=\"\" class=\"wp-image-14556\" srcset=\"https:\/\/entretormentas.com\/wp-content\/uploads\/2025\/03\/image-432-1024x770.png 1024w, https:\/\/entretormentas.com\/wp-content\/uploads\/2025\/03\/image-432-300x226.png 300w, https:\/\/entretormentas.com\/wp-content\/uploads\/2025\/03\/image-432-768x578.png 768w, https:\/\/entretormentas.com\/wp-content\/uploads\/2025\/03\/image-432.png 1280w\" sizes=\"(max-width: 1024px) 100vw, 1024px\" \/><\/figure>\n\n\n\n<p>En esta clase inicial los param\u00e9dicos e instructores Francisco Valbuena y Hanny Ch\u00e1vez, personal destacado de Sismesur, abarcaron temas importantes en teor\u00eda y pr\u00e1ctica:<\/p>\n\n\n\n<p><strong>Pr\u00e1ctica:<\/strong><\/p>\n\n\n\n<ul class=\"wp-block-list\">\n<li>Entrenamiento f\u00edsico en Imsasur: Fortaleciendo nuestras capacidades para responder ante cualquier situaci\u00f3n.<\/li>\n\n\n\n<li>Ejercicios de desplazamiento: Agilizando nuestros movimientos para llegar r\u00e1pidamente a donde se nos necesite.<\/li>\n\n\n\n<li>Pr\u00e1ctica de atenci\u00f3n y retiro del lesionado: Aprendiendo las t\u00e9cnicas adecuadas para cuidar y trasladar a quienes lo necesiten.<\/li>\n<\/ul>\n\n\n\n<p><strong>Te\u00f3rica:<\/strong><\/p>\n\n\n\n<ul class=\"wp-block-list\">\n<li>Historia de la medicina prehospitalaria: Conociendo los fundamentos y la evoluci\u00f3n de esta disciplina vital.<\/li>\n\n\n\n<li>Signos vitales: Dominando la evaluaci\u00f3n de los indicadores clave de la salud.<\/li>\n\n\n\n<li>Primeros auxilios: Adquiriendo los conocimientos para actuar con eficacia en situaciones de emergencia.<\/li>\n\n\n\n<li>Aspectos legales en primeros auxilios: Comprendiendo el marco legal que rige nuestra labor.<\/li>\n<\/ul>\n\n\n\n<p>Gracias al apoyo de alcalde Gustavo Fern\u00e1ndez, en el 2022 se cristaliza Sismesur, con su primera cohorte fruto del proyecto que se viene gestando desde 1998 por el director municipal de salud Dr. Juan Carlos Rangel y que desde sus inicios se mantuvieron activos 24\/7: \u00abFueron m\u00e1s de 1.600 atenciones en el 2024 las que realiz\u00f3 el equipo del Sistema M\u00e9dico de Emergencias del Sur, hombres y mujeres comprometidos con profesionalismo para atender al pr\u00f3jimo, en San Francisco hay una gesti\u00f3n que gobierna por el bien\u00bb, puntualiz\u00f3 Rangel.<br><strong><em>ET \/ Alcald\u00eda de San Francisco<\/em><\/strong><\/p>\n","protected":false},"excerpt":{"rendered":"<p>ENTRE TORMENTAS. Para la gesti\u00f3n del alcalde de San Francisco, Gustavo Fern\u00e1ndez la salud es&#8230;<\/p>\n","protected":false},"author":2,"featured_media":14557,"comment_status":"closed","ping_status":"open","sticky":false,"template":"","format":"standard","meta":{"footnotes":""},"categories":[57,1],"tags":[],"class_list":["post-14555","post","type-post","status-publish","format-standard","has-post-thumbnail","hentry","category-actualidad","category-regionales"],"_links":{"self":[{"href":"https:\/\/entretormentas.com\/index.php?rest_route=\/wp\/v2\/posts\/14555","targetHints":{"allow":["GET"]}}],"collection":[{"href":"https:\/\/entretormentas.com\/index.php?rest_route=\/wp\/v2\/posts"}],"about":[{"href":"https:\/\/entretormentas.com\/index.php?rest_route=\/wp\/v2\/types\/post"}],"author":[{"embeddable":true,"href":"https:\/\/entretormentas.com\/index.php?rest_route=\/wp\/v2\/users\/2"}],"replies":[{"embeddable":true,"href":"https:\/\/entretormentas.com\/index.php?rest_route=%2Fwp%2Fv2%2Fcomments&post=14555"}],"version-history":[{"count":1,"href":"https:\/\/entretormentas.com\/index.php?rest_route=\/wp\/v2\/posts\/14555\/revisions"}],"predecessor-version":[{"id":14558,"href":"https:\/\/entretormentas.com\/index.php?rest_route=\/wp\/v2\/posts\/14555\/revisions\/14558"}],"wp:featuredmedia":[{"embeddable":true,"href":"https:\/\/entretormentas.com\/index.php?rest_route=\/wp\/v2\/media\/14557"}],"wp:attachment":[{"href":"https:\/\/entretormentas.com\/index.php?rest_route=%2Fwp%2Fv2%2Fmedia&parent=14555"}],"wp:term":[{"taxonomy":"category","embeddable":true,"href":"https:\/\/entretormentas.com\/index.php?rest_route=%2Fwp%2Fv2%2Fcategories&post=14555"},{"taxonomy":"post_tag","embeddable":true,"href":"https:\/\/entretormentas.com\/index.php?rest_route=%2Fwp%2Fv2%2Ftags&post=14555"}],"curies":[{"name":"wp","href":"https:\/\/api.w.org\/{rel}","templated":true}]}}