{"id":14563,"date":"2025-03-24T08:35:53","date_gmt":"2025-03-24T07:35:53","guid":{"rendered":"https:\/\/entretormentas.com\/?p=14563"},"modified":"2025-03-24T08:35:54","modified_gmt":"2025-03-24T07:35:54","slug":"gracias-a-la-alcaldia-surena-unos-400-sanfranciscanos-disfrutaron-del-florecimiento-de-los-curarires","status":"publish","type":"post","link":"https:\/\/entretormentas.com\/gracias-a-la-alcaldia-surena-unos-400-sanfranciscanos-disfrutaron-del-florecimiento-de-los-curarires\/","title":{"rendered":"\u00a1GRACIAS A LA ALCALD\u00cdA SURE\u00d1A! Unos 400 sanfranciscanos disfrutaron del florecimiento de los curarires"},"content":{"rendered":"\n<p><strong>ENTRE TORMENTAS.<\/strong> Este fin de semana, la Alcald\u00eda de San Francisco organiz\u00f3 una exitosa excursi\u00f3n en dos d\u00edas, con traslado gratuito, que permiti\u00f3 a 400 sanfranciscanos disfrutar del esplendor de la floraci\u00f3n de los curarires, en el Jard\u00edn Bot\u00e1nico Dr. Leandro Aristeg\u00fcieta, ubicado en la parroquia Marcial Hern\u00e1ndez del municipio San Francisco.<\/p>\n\n\n\n<figure class=\"wp-block-image size-large\"><img fetchpriority=\"high\" decoding=\"async\" width=\"1024\" height=\"682\" src=\"https:\/\/entretormentas.com\/wp-content\/uploads\/2025\/03\/image-437-1024x682.png\" alt=\"\" class=\"wp-image-14565\" srcset=\"https:\/\/entretormentas.com\/wp-content\/uploads\/2025\/03\/image-437-1024x682.png 1024w, https:\/\/entretormentas.com\/wp-content\/uploads\/2025\/03\/image-437-300x200.png 300w, https:\/\/entretormentas.com\/wp-content\/uploads\/2025\/03\/image-437-768x512.png 768w, https:\/\/entretormentas.com\/wp-content\/uploads\/2025\/03\/image-437.png 1280w\" sizes=\"(max-width: 1024px) 100vw, 1024px\" \/><\/figure>\n\n\n\n<p>El alcalde Gustavo Fern\u00e1ndez expres\u00f3 su alegr\u00eda por la participaci\u00f3n de la comunidad y motivo seguir disfrutando de lo que brinda la naturaleza, como este acontecimiento natural, que como afirm\u00f3 \u201cEs un orgullo para San Francisco, que el Jard\u00edn Bot\u00e1nico, cuna del florecimiento de los Curarires, est\u00e9 en nuestro territorio\u00bb.<\/p>\n\n\n\n<p>La actividad que, cont\u00f3 con el apoyo de la Gerencia de Desarrollo Social y Participaci\u00f3n Ciudadana y la Direcci\u00f3n de Turismo, tuvo traslado gratuito desde la sede de la alcald\u00eda de San Francisco, hasta el Jard\u00edn Bot\u00e1nico y fue organizada para fomentar el turismo, incluy\u00f3 recorridos guiados con orientaci\u00f3n sobre la importancia ecol\u00f3gica de los curarires. Los participantes tambi\u00e9n tuvieron la oportunidad de disfrutar en un ambiente familiar y amigable, siendo atendidos con hidrataci\u00f3n.<\/p>\n\n\n\n<figure class=\"wp-block-image size-large\"><img decoding=\"async\" width=\"1024\" height=\"768\" src=\"https:\/\/entretormentas.com\/wp-content\/uploads\/2025\/03\/image-438-1024x768.png\" alt=\"\" class=\"wp-image-14566\" srcset=\"https:\/\/entretormentas.com\/wp-content\/uploads\/2025\/03\/image-438-1024x768.png 1024w, https:\/\/entretormentas.com\/wp-content\/uploads\/2025\/03\/image-438-300x225.png 300w, https:\/\/entretormentas.com\/wp-content\/uploads\/2025\/03\/image-438-768x576.png 768w, https:\/\/entretormentas.com\/wp-content\/uploads\/2025\/03\/image-438.png 1280w\" sizes=\"(max-width: 1024px) 100vw, 1024px\" \/><\/figure>\n\n\n\n<p>Este parque natural fue inaugurado el 24 de octubre de 1983, posee una variada vegetaci\u00f3n y una fauna con m\u00e1s de 108 hect\u00e1reas, que lo han convertido en un lugar de referencia en el estado Zulia, como un espacio para la biodiversidad, la conservaci\u00f3n, el conocimiento y la innovaci\u00f3n con el objetivo de preservar y valorar las especies nativas.<\/p>\n\n\n\n<p>Los asistentes elogiaron la iniciativa, destacando la belleza de los paisajes y la facilidad que les brindaron para disfrutar del evento. Para todos fue una experiencia maravillosa, que algunos nunca hab\u00edan visto y que otros cada a\u00f1o van a disfrutar del florecimiento de los curarires.<\/p>\n\n\n\n<figure class=\"wp-block-image size-large\"><img decoding=\"async\" width=\"1024\" height=\"768\" src=\"https:\/\/entretormentas.com\/wp-content\/uploads\/2025\/03\/image-439-1024x768.png\" alt=\"\" class=\"wp-image-14567\" srcset=\"https:\/\/entretormentas.com\/wp-content\/uploads\/2025\/03\/image-439-1024x768.png 1024w, https:\/\/entretormentas.com\/wp-content\/uploads\/2025\/03\/image-439-300x225.png 300w, https:\/\/entretormentas.com\/wp-content\/uploads\/2025\/03\/image-439-768x576.png 768w, https:\/\/entretormentas.com\/wp-content\/uploads\/2025\/03\/image-439.png 1080w\" sizes=\"(max-width: 1024px) 100vw, 1024px\" \/><\/figure>\n\n\n\n<p>Con iniciativas como estas la Alcald\u00eda de San Francisco reafirma su compromiso con la promoci\u00f3n de actividades que enriquezcan la vida cultural y social de la comunidad, mientras se preserva y se celebra la riqueza natural de la regi\u00f3n.<br><strong><em>ET \/ Alcald\u00eda de San Francisco<\/em><\/strong><\/p>\n\n\n\n<p><\/p>\n","protected":false},"excerpt":{"rendered":"<p>ENTRE TORMENTAS. Este fin de semana, la Alcald\u00eda de San Francisco organiz\u00f3 una exitosa excursi\u00f3n&#8230;<\/p>\n","protected":false},"author":2,"featured_media":14564,"comment_status":"closed","ping_status":"open","sticky":false,"template":"","format":"standard","meta":{"footnotes":""},"categories":[57,1],"tags":[],"class_list":["post-14563","post","type-post","status-publish","format-standard","has-post-thumbnail","hentry","category-actualidad","category-regionales"],"_links":{"self":[{"href":"https:\/\/entretormentas.com\/index.php?rest_route=\/wp\/v2\/posts\/14563","targetHints":{"allow":["GET"]}}],"collection":[{"href":"https:\/\/entretormentas.com\/index.php?rest_route=\/wp\/v2\/posts"}],"about":[{"href":"https:\/\/entretormentas.com\/index.php?rest_route=\/wp\/v2\/types\/post"}],"author":[{"embeddable":true,"href":"https:\/\/entretormentas.com\/index.php?rest_route=\/wp\/v2\/users\/2"}],"replies":[{"embeddable":true,"href":"https:\/\/entretormentas.com\/index.php?rest_route=%2Fwp%2Fv2%2Fcomments&post=14563"}],"version-history":[{"count":1,"href":"https:\/\/entretormentas.com\/index.php?rest_route=\/wp\/v2\/posts\/14563\/revisions"}],"predecessor-version":[{"id":14568,"href":"https:\/\/entretormentas.com\/index.php?rest_route=\/wp\/v2\/posts\/14563\/revisions\/14568"}],"wp:featuredmedia":[{"embeddable":true,"href":"https:\/\/entretormentas.com\/index.php?rest_route=\/wp\/v2\/media\/14564"}],"wp:attachment":[{"href":"https:\/\/entretormentas.com\/index.php?rest_route=%2Fwp%2Fv2%2Fmedia&parent=14563"}],"wp:term":[{"taxonomy":"category","embeddable":true,"href":"https:\/\/entretormentas.com\/index.php?rest_route=%2Fwp%2Fv2%2Fcategories&post=14563"},{"taxonomy":"post_tag","embeddable":true,"href":"https:\/\/entretormentas.com\/index.php?rest_route=%2Fwp%2Fv2%2Ftags&post=14563"}],"curies":[{"name":"wp","href":"https:\/\/api.w.org\/{rel}","templated":true}]}}