{"id":14573,"date":"2025-03-24T08:42:41","date_gmt":"2025-03-24T07:42:41","guid":{"rendered":"https:\/\/entretormentas.com\/?p=14573"},"modified":"2025-03-24T08:42:43","modified_gmt":"2025-03-24T07:42:43","slug":"es-un-milagro-miles-de-fieles-celebran-en-el-vaticano-el-alta-del-papa-francisco","status":"publish","type":"post","link":"https:\/\/entretormentas.com\/es-un-milagro-miles-de-fieles-celebran-en-el-vaticano-el-alta-del-papa-francisco\/","title":{"rendered":"\u00a1ES UN MILAGRO! Miles de fieles celebran en el Vaticano el alta del papa Francisco"},"content":{"rendered":"\n<p><strong>ENTRE TORMENTAS. <\/strong>La plaza de San Pedro del Vaticano se llen\u00f3 este domingo de emoci\u00f3n y j\u00fabilo, cuando miles de fieles se congregaron para presenciar el saludo del papa Francisco, transmitido en directo desde el hospital Gemelli, poco antes de recibir el alta tras 38 d\u00edas ingresado por una grave infecci\u00f3n respiratoria.<\/p>\n\n\n\n<p>El pont\u00edfice, de 88 a\u00f1os, reapareci\u00f3 brevemente en silla de ruedas en una ventana del hospital antes de regresar al Vaticano, lo que desat\u00f3 una gran ovaci\u00f3n de los presentes en la plaza, que llevaban banderas, rosarios y pancartas con mensajes de apoyo.<\/p>\n\n\n\n<p>Gritos de \u2018\u00a1Viva el papa!\u2019, aplausos y l\u00e1grimas se mezclaron en la plaza de San Pedro cuando la imagen de Francisco apareci\u00f3 en las pantallas gigantes instaladas para los fieles.<\/p>\n\n\n\n<p>En silla de ruedas y con una sonrisa serena, Francisco quiso reconocer las muestras de cari\u00f1o con una voz a\u00fan cansada pero con evidente gratitud: \u00abMuchas gracias a todos\u00bb, dijo desde el Gemelli.<\/p>\n\n\n\n<figure class=\"wp-block-image size-full\"><img fetchpriority=\"high\" decoding=\"async\" width=\"1000\" height=\"788\" src=\"https:\/\/entretormentas.com\/wp-content\/uploads\/2025\/03\/image-443.png\" alt=\"\" class=\"wp-image-14575\" srcset=\"https:\/\/entretormentas.com\/wp-content\/uploads\/2025\/03\/image-443.png 1000w, https:\/\/entretormentas.com\/wp-content\/uploads\/2025\/03\/image-443-300x236.png 300w, https:\/\/entretormentas.com\/wp-content\/uploads\/2025\/03\/image-443-768x605.png 768w\" sizes=\"(max-width: 1000px) 100vw, 1000px\" \/><\/figure>\n\n\n\n<p>El alta hospitalaria fue celebrada como un milagro para muchos de los presentes. \u201cEs algo maravilloso\u201d, expres\u00f3 emocionada Teresa Corral, de M\u00e9xico: \u201cHoy me toc\u00f3 hacer la oraci\u00f3n por los enfermos en la misa y siento que es un alegr\u00eda mundial para nosotros los siervos, estar alegres y poder seguir orando por el mundo\u201d.<\/p>\n\n\n\n<p>Para Patricia Garc\u00eda, tambi\u00e9n mexicana, la atm\u00f3sfera en la plaza era indescriptible: \u201cSe siente una vibra incre\u00edble, una armon\u00eda, un sentimiento hermoso. Es un milagro\u201d.<\/p>\n\n\n\n<p>La emoci\u00f3n tambi\u00e9n lleg\u00f3 a los fieles que, aunque no pudieron estar cerca del hospital, siguieron el momento desde de San Pedro. Paola, una mexicana que trabaja en Sevilla, qued\u00f3 profundamente conmovida: \u201cVerlo salir, aunque fuera por unos segundos, con ese gesto de gratitud, fue un detalle de cercan\u00eda precioso\u201d.<br><strong><em>ET \/ Agencias<\/em><\/strong><\/p>\n\n\n\n<p><\/p>\n","protected":false},"excerpt":{"rendered":"<p>ENTRE TORMENTAS. La plaza de San Pedro del Vaticano se llen\u00f3 este domingo de emoci\u00f3n&#8230;<\/p>\n","protected":false},"author":2,"featured_media":14574,"comment_status":"closed","ping_status":"open","sticky":false,"template":"","format":"standard","meta":{"footnotes":""},"categories":[56,48],"tags":[],"class_list":["post-14573","post","type-post","status-publish","format-standard","has-post-thumbnail","hentry","category-destacadas","category-internacionales"],"_links":{"self":[{"href":"https:\/\/entretormentas.com\/index.php?rest_route=\/wp\/v2\/posts\/14573","targetHints":{"allow":["GET"]}}],"collection":[{"href":"https:\/\/entretormentas.com\/index.php?rest_route=\/wp\/v2\/posts"}],"about":[{"href":"https:\/\/entretormentas.com\/index.php?rest_route=\/wp\/v2\/types\/post"}],"author":[{"embeddable":true,"href":"https:\/\/entretormentas.com\/index.php?rest_route=\/wp\/v2\/users\/2"}],"replies":[{"embeddable":true,"href":"https:\/\/entretormentas.com\/index.php?rest_route=%2Fwp%2Fv2%2Fcomments&post=14573"}],"version-history":[{"count":1,"href":"https:\/\/entretormentas.com\/index.php?rest_route=\/wp\/v2\/posts\/14573\/revisions"}],"predecessor-version":[{"id":14576,"href":"https:\/\/entretormentas.com\/index.php?rest_route=\/wp\/v2\/posts\/14573\/revisions\/14576"}],"wp:featuredmedia":[{"embeddable":true,"href":"https:\/\/entretormentas.com\/index.php?rest_route=\/wp\/v2\/media\/14574"}],"wp:attachment":[{"href":"https:\/\/entretormentas.com\/index.php?rest_route=%2Fwp%2Fv2%2Fmedia&parent=14573"}],"wp:term":[{"taxonomy":"category","embeddable":true,"href":"https:\/\/entretormentas.com\/index.php?rest_route=%2Fwp%2Fv2%2Fcategories&post=14573"},{"taxonomy":"post_tag","embeddable":true,"href":"https:\/\/entretormentas.com\/index.php?rest_route=%2Fwp%2Fv2%2Ftags&post=14573"}],"curies":[{"name":"wp","href":"https:\/\/api.w.org\/{rel}","templated":true}]}}