{"id":14581,"date":"2025-03-24T08:49:22","date_gmt":"2025-03-24T07:49:22","guid":{"rendered":"https:\/\/entretormentas.com\/?p=14581"},"modified":"2025-03-24T08:49:24","modified_gmt":"2025-03-24T07:49:24","slug":"senalamiento-maduro-responsabiliza-a-bukele-de-lo-que-le-pase-a-alguno-de-los-deportados","status":"publish","type":"post","link":"https:\/\/entretormentas.com\/senalamiento-maduro-responsabiliza-a-bukele-de-lo-que-le-pase-a-alguno-de-los-deportados\/","title":{"rendered":"\u00a1SE\u00d1ALAMIENTO! Maduro responsabiliza a Bukele de lo que le pase a alguno de los deportados"},"content":{"rendered":"\n<p><strong>ENTRE TORMENTAS. <\/strong>El presidente Nicol\u00e1s Maduro exigi\u00f3 este domingo el inmediato cese a la persecuci\u00f3n y violaci\u00f3n de los derechos a los migrantes venezolanos; hecho ilegal perpetrado por los gobiernos de los Estados Unidos y El Salvador.<\/p>\n\n\n\n<p>\u00abLas acciones de los gobiernos de EE. UU. y El Salvador contra nuestros j\u00f3venes trabajadores constituyen un acto de crueldad e injusticia, un secuestro cruel e indignante\u00bb, indic\u00f3 el jefe de Estado venezolano a trav\u00e9s de su canal en la app de mensajer\u00eda instant\u00e1nea, Telegram. Asimismo, se\u00f1al\u00f3 que \u00abdesde Venezuela, exigimos al gobierno de los EE. UU. que cese la persecuci\u00f3n y violaci\u00f3n de los derechos de los migrantes venezolanos.<\/p>\n\n\n\n<p>Previamente, el presidente Maduro comunic\u00f3 a su hom\u00f3logo salvadore\u00f1o, Nayid Bukele, \u00able decimos usted es responsable si le pasa algo a un muchacho de esos, usted es responsable de la vida de todos esos j\u00f3venes, usted le garantiza la salud y m\u00e1s temprano que tarde tiene que entregarlos y liberarlos porque est\u00e1n secuestrados\u00bb.<\/p>\n\n\n\n<p>Asimismo, como parte del Plan Vuelta a la Patria, acord\u00f3 con el gobierno de Washington la reanudaci\u00f3n el proceso de repatriaci\u00f3n de migrantes venezolanos; y para este domingo, se realizar\u00e1 un vuelo inicial de ciudadanos connacionales; lo cual fue anunciado previamente por el designado para los Di\u00e1logos de Paz por Venezuela, Jorge Rodr\u00edguez.<br><strong><em>ET \/ Agencias<\/em><\/strong><\/p>\n\n\n\n<p><\/p>\n","protected":false},"excerpt":{"rendered":"<p>ENTRE TORMENTAS. El presidente Nicol\u00e1s Maduro exigi\u00f3 este domingo el inmediato cese a la persecuci\u00f3n&#8230;<\/p>\n","protected":false},"author":2,"featured_media":14582,"comment_status":"closed","ping_status":"open","sticky":false,"template":"","format":"standard","meta":{"footnotes":""},"categories":[56,49],"tags":[],"class_list":["post-14581","post","type-post","status-publish","format-standard","has-post-thumbnail","hentry","category-destacadas","category-nacionales"],"_links":{"self":[{"href":"https:\/\/entretormentas.com\/index.php?rest_route=\/wp\/v2\/posts\/14581","targetHints":{"allow":["GET"]}}],"collection":[{"href":"https:\/\/entretormentas.com\/index.php?rest_route=\/wp\/v2\/posts"}],"about":[{"href":"https:\/\/entretormentas.com\/index.php?rest_route=\/wp\/v2\/types\/post"}],"author":[{"embeddable":true,"href":"https:\/\/entretormentas.com\/index.php?rest_route=\/wp\/v2\/users\/2"}],"replies":[{"embeddable":true,"href":"https:\/\/entretormentas.com\/index.php?rest_route=%2Fwp%2Fv2%2Fcomments&post=14581"}],"version-history":[{"count":1,"href":"https:\/\/entretormentas.com\/index.php?rest_route=\/wp\/v2\/posts\/14581\/revisions"}],"predecessor-version":[{"id":14583,"href":"https:\/\/entretormentas.com\/index.php?rest_route=\/wp\/v2\/posts\/14581\/revisions\/14583"}],"wp:featuredmedia":[{"embeddable":true,"href":"https:\/\/entretormentas.com\/index.php?rest_route=\/wp\/v2\/media\/14582"}],"wp:attachment":[{"href":"https:\/\/entretormentas.com\/index.php?rest_route=%2Fwp%2Fv2%2Fmedia&parent=14581"}],"wp:term":[{"taxonomy":"category","embeddable":true,"href":"https:\/\/entretormentas.com\/index.php?rest_route=%2Fwp%2Fv2%2Fcategories&post=14581"},{"taxonomy":"post_tag","embeddable":true,"href":"https:\/\/entretormentas.com\/index.php?rest_route=%2Fwp%2Fv2%2Ftags&post=14581"}],"curies":[{"name":"wp","href":"https:\/\/api.w.org\/{rel}","templated":true}]}}