{"id":14588,"date":"2025-03-24T08:58:34","date_gmt":"2025-03-24T07:58:34","guid":{"rendered":"https:\/\/entretormentas.com\/?p=14588"},"modified":"2025-03-24T08:58:35","modified_gmt":"2025-03-24T07:58:35","slug":"por-emergencia-climatica-gobierno-disminuye-el-horario-y-dias-laborales-para-trabajadores-del-sector-publico","status":"publish","type":"post","link":"https:\/\/entretormentas.com\/por-emergencia-climatica-gobierno-disminuye-el-horario-y-dias-laborales-para-trabajadores-del-sector-publico\/","title":{"rendered":"\u00a1POR EMERGENCIA CLIM\u00c1TICA! Gobierno disminuye el horario y d\u00edas laborales para trabajadores del sector p\u00fablico"},"content":{"rendered":"\n<p><strong>ENTRE TORMENTAS. <\/strong>El Gobierno Nacional emiti\u00f3 un comunicado este domingo donde inform\u00f3 que, producto de la emergencia clim\u00e1tica que ha conllevado al aumento de temperaturas a escala mundial, se tomar\u00e1n acciones, entre las cuales se encuentra el ajuste del horario laboral.<\/p>\n\n\n\n<p>La administraci\u00f3n p\u00fablica trabajar\u00e1 desde las 8:00 am hasta el mediod\u00eda, durante las pr\u00f3ximas seis (06) semanas. A excepci\u00f3n de los organismos que garanticen servicios esenciales a la poblaci\u00f3n.<\/p>\n\n\n\n<p>Otra de las medidas es la aplicaci\u00f3n del 1\u00d71, que consiste en un d\u00eda laborable por un d\u00eda no laborable. \u00abDurante el d\u00eda laborable, los trabajadores p\u00fablicos complementar\u00e1n su horario especial apoyando el fortalecimiento de las salas de autogobierno comunal, cumpliendo labores inherentes a la consolidaci\u00f3n de los circuitos comunales como \u00f3rganos fundamentales del poder popular\u00bb.<\/p>\n\n\n\n<p><strong>A CONTINUACI\u00d3N EL COMUNICADO \u00cdNTEGRO:<\/strong><br><em>Poderes p\u00fablicos dar\u00e1n el ejemplo en las pr\u00f3ximas seis semanas de dura sequ\u00eda por el calentamiento global<\/em><\/p>\n\n\n\n<p><em>El Gobierno de la Rep\u00fablica Bolivariana de Venezuela informa que, producto de la emergencia clim\u00e1tica que ha conllevado al aumento de temperaturas a escala mundial, estamos haciendo frente a un evento climatol\u00f3gico que afecta el nivel de agua de los embalses que generan la energ\u00eda el\u00e9ctrica en la regi\u00f3n andina.<\/em><\/p>\n\n\n\n<p><em>Esta situaci\u00f3n especial convoca a la participaci\u00f3n de todos y todas, como corresponsables del uso de la energ\u00eda el\u00e9ctrica, para actuar en conjunto y superar este desaf\u00edo.<\/em><\/p>\n\n\n\n<p><em>Por estas razones, y en aras de dar el ejemplo en las resoluciones de la vida nacional, a partir del lunes 24 de marzo de 2025 en toda la Administraci\u00f3n P\u00fablica Nacional conformada por ministerios, gobernaciones, alcald\u00edas y en los Poderes P\u00fablicos del Estado venezolano, se llevar\u00e1n a cabo las siguientes acciones:<\/em><\/p>\n\n\n\n<ol class=\"wp-block-list\">\n<li><em>Se ajustar\u00e1 el horario laboral desde las 8:00 am hasta las 12:30 pm durante las pr\u00f3ximas seis (06) semanas. Quedar\u00e1n exceptuadas de esta acci\u00f3n, los organismos que garanticen servicios esenciales a la poblaci\u00f3n.<\/em><\/li>\n\n\n\n<li><em>Se declara el 1\u00d71, que consiste en un d\u00eda laborable por un d\u00eda no laborable.<\/em><\/li>\n\n\n\n<li>D<em>urante el d\u00eda laborable, los trabajadores p\u00fablicos complementar\u00e1n su horario especial apoyando el fortalecimiento de las salas de autogobierno comunal, cumpliendo labores inherentes a la consolidaci\u00f3n de los circuitos comunales como \u00f3rganos fundamentales del poder popular.<\/em><\/li>\n<\/ol>\n\n\n\n<p><em>De igual manera, hacemos un llamado a la poblaci\u00f3n para acompa\u00f1ar estas acciones con otras medidas efectivas, tales como el ajuste de la temperatura de los aires acondicionados a 23\u00b0C, el aprovechamiento de la luz natural y la desconexi\u00f3n de aparatos electr\u00f3nicos cuando no los estemos utilizando, entre otros.<\/em><\/p>\n\n\n\n<p><em>En uni\u00f3n, avanzamos en colectivo para garantizar la vida nacional, su normal desenvolvimiento, y el desarrollo de las fuerzas productivas y de servicio para la felicidad de nuestro pueblo, en este momento que atraviesa la humanidad entera para mitigar las consecuencias del calentamiento global.<\/em><br><strong>Caracas, 23 de marzo de 2025<\/strong><br><strong><em>ET \/ Agencias<\/em><\/strong><\/p>\n","protected":false},"excerpt":{"rendered":"<p>ENTRE TORMENTAS. El Gobierno Nacional emiti\u00f3 un comunicado este domingo donde inform\u00f3 que, producto de&#8230;<\/p>\n","protected":false},"author":2,"featured_media":14589,"comment_status":"closed","ping_status":"open","sticky":false,"template":"","format":"standard","meta":{"footnotes":""},"categories":[56,49],"tags":[],"class_list":["post-14588","post","type-post","status-publish","format-standard","has-post-thumbnail","hentry","category-destacadas","category-nacionales"],"_links":{"self":[{"href":"https:\/\/entretormentas.com\/index.php?rest_route=\/wp\/v2\/posts\/14588","targetHints":{"allow":["GET"]}}],"collection":[{"href":"https:\/\/entretormentas.com\/index.php?rest_route=\/wp\/v2\/posts"}],"about":[{"href":"https:\/\/entretormentas.com\/index.php?rest_route=\/wp\/v2\/types\/post"}],"author":[{"embeddable":true,"href":"https:\/\/entretormentas.com\/index.php?rest_route=\/wp\/v2\/users\/2"}],"replies":[{"embeddable":true,"href":"https:\/\/entretormentas.com\/index.php?rest_route=%2Fwp%2Fv2%2Fcomments&post=14588"}],"version-history":[{"count":1,"href":"https:\/\/entretormentas.com\/index.php?rest_route=\/wp\/v2\/posts\/14588\/revisions"}],"predecessor-version":[{"id":14590,"href":"https:\/\/entretormentas.com\/index.php?rest_route=\/wp\/v2\/posts\/14588\/revisions\/14590"}],"wp:featuredmedia":[{"embeddable":true,"href":"https:\/\/entretormentas.com\/index.php?rest_route=\/wp\/v2\/media\/14589"}],"wp:attachment":[{"href":"https:\/\/entretormentas.com\/index.php?rest_route=%2Fwp%2Fv2%2Fmedia&parent=14588"}],"wp:term":[{"taxonomy":"category","embeddable":true,"href":"https:\/\/entretormentas.com\/index.php?rest_route=%2Fwp%2Fv2%2Fcategories&post=14588"},{"taxonomy":"post_tag","embeddable":true,"href":"https:\/\/entretormentas.com\/index.php?rest_route=%2Fwp%2Fv2%2Ftags&post=14588"}],"curies":[{"name":"wp","href":"https:\/\/api.w.org\/{rel}","templated":true}]}}