{"id":14595,"date":"2025-03-25T07:31:09","date_gmt":"2025-03-25T06:31:09","guid":{"rendered":"https:\/\/entretormentas.com\/?p=14595"},"modified":"2025-03-25T07:31:10","modified_gmt":"2025-03-25T06:31:10","slug":"solicitud-publica-henry-ramirez-exhorta-a-las-autoridades-a-mudar-recimara-de-las-orillas-del-lago","status":"publish","type":"post","link":"https:\/\/entretormentas.com\/solicitud-publica-henry-ramirez-exhorta-a-las-autoridades-a-mudar-recimara-de-las-orillas-del-lago\/","title":{"rendered":"\u00a1SOLICITUD P\u00daBLICA! Henry Ram\u00edrez exhorta a las autoridades a mudar Recimara de las orillas del Lago"},"content":{"rendered":"\n<p><strong>ENTRE TORMENTAS. <\/strong>Profundamente preocupado por los da\u00f1os medioambientales que sigue generando Recimara, en tanto, su ubicaci\u00f3n se sit\u00faa en plena ciudad y a orillas del Lago de Maracaibo y tras el clamor desesperado de los vecinos que la noche del domingo se vieron severamente afectados por el incendio que se registr\u00f3 en ese centro de reciclaje, ubicado frente al Terminal de Pasajeros de Maracaibo, el dirigente social, Henry Ram\u00edrez, realiz\u00f3 un llamamiento urgente a las autoridades competentes para trasladar ese \u00abvertedero a cielo abierto\u00bb del lugar.<\/p>\n\n\n\n<p>\u00abNo es un llamamiento nuevo, nosotros venimos alertando desde hace varios a\u00f1os la necesidad de que se reubique esa estaci\u00f3n de transferencia (Recimara) que se sit\u00faa en plena ciudad de Maracaibo y a orillas del lago, porque, ya van varios incendios y eso est\u00e1 produciendo efectos muy nocivos al lago y a las comunidades cercanas\u00bb.<\/p>\n\n\n\n<figure class=\"wp-block-image size-large\"><img fetchpriority=\"high\" decoding=\"async\" width=\"1024\" height=\"768\" src=\"https:\/\/entretormentas.com\/wp-content\/uploads\/2025\/03\/image-453-1024x768.png\" alt=\"\" class=\"wp-image-14597\" srcset=\"https:\/\/entretormentas.com\/wp-content\/uploads\/2025\/03\/image-453-1024x768.png 1024w, https:\/\/entretormentas.com\/wp-content\/uploads\/2025\/03\/image-453-300x225.png 300w, https:\/\/entretormentas.com\/wp-content\/uploads\/2025\/03\/image-453-768x576.png 768w, https:\/\/entretormentas.com\/wp-content\/uploads\/2025\/03\/image-453.png 1280w\" sizes=\"(max-width: 1024px) 100vw, 1024px\" \/><\/figure>\n\n\n\n<p>Ram\u00edrez rechaza que un centro de transferencia de desechos s\u00f3lidos fuese ubicado a orillas del estuario: \u00ab\u00bfCu\u00e1ntos desechos y desperdicios de esos llegan al lago y ahora, tras el incendio, cu\u00e1ntas part\u00edculas de esas contaminantes han ca\u00eddo al lago? por eso, en nombre de los vecinos afectados y de toda la ciudad, estoy pidiendo que se mejore la operatividad, el control y la seguridad de ese espacio y que sea reubicado de una vez por todas \u00bfVamos a seguir apagando incendios todos los a\u00f1os? \u00bfVamos a seguir viendo c\u00f3mo ese vertedero a cielo abierto contamina m\u00e1s al lago todos los d\u00edas? \u00bfNo hay a caso una pol\u00edtica en acci\u00f3n para descontaminar el Lago de Maracaibo?\u00bb.<\/p>\n\n\n\n<p>\u00abLo que comenz\u00f3 siendo una empresa recicladora, ha pasado a ser un relleno sanitario, donde se descargan desechos y ah\u00ed quedan perjudicando much\u00edsimo al lago, contamin\u00e1ndolo m\u00e1s de lo que est\u00e1 y perjudicando a las comunidades y si queremos descontaminar el lago, poco favor le hacemos manteniendo esa estaci\u00f3n de transferencia con ese vertedero a cielo abierto en sus riberas\u00bb.<\/p>\n\n\n\n<p>Ram\u00edrez reflexiona: \u00abYo creo que dentro de una pol\u00edtica integral del manejo de los desechos tiene que darse un tratamiento distinto a esta estaci\u00f3n de transferencia y contemplar su reubicaci\u00f3n por todas las razones antes expuestas y porque adem\u00e1s, esto puede infringir la ley penal del ambiente, porque, Recimara se ha convertido en verdadero problema para los vecinos, para el Lago, para el medioambiente y es un problema que hay que solucionarlo\u00bb.<br><strong><em>ET \/ NAM<\/em><\/strong><\/p>\n","protected":false},"excerpt":{"rendered":"<p>ENTRE TORMENTAS. Profundamente preocupado por los da\u00f1os medioambientales que sigue generando Recimara, en tanto, su&#8230;<\/p>\n","protected":false},"author":2,"featured_media":14596,"comment_status":"closed","ping_status":"open","sticky":false,"template":"","format":"standard","meta":{"footnotes":""},"categories":[57,1],"tags":[],"class_list":["post-14595","post","type-post","status-publish","format-standard","has-post-thumbnail","hentry","category-actualidad","category-regionales"],"_links":{"self":[{"href":"https:\/\/entretormentas.com\/index.php?rest_route=\/wp\/v2\/posts\/14595","targetHints":{"allow":["GET"]}}],"collection":[{"href":"https:\/\/entretormentas.com\/index.php?rest_route=\/wp\/v2\/posts"}],"about":[{"href":"https:\/\/entretormentas.com\/index.php?rest_route=\/wp\/v2\/types\/post"}],"author":[{"embeddable":true,"href":"https:\/\/entretormentas.com\/index.php?rest_route=\/wp\/v2\/users\/2"}],"replies":[{"embeddable":true,"href":"https:\/\/entretormentas.com\/index.php?rest_route=%2Fwp%2Fv2%2Fcomments&post=14595"}],"version-history":[{"count":1,"href":"https:\/\/entretormentas.com\/index.php?rest_route=\/wp\/v2\/posts\/14595\/revisions"}],"predecessor-version":[{"id":14598,"href":"https:\/\/entretormentas.com\/index.php?rest_route=\/wp\/v2\/posts\/14595\/revisions\/14598"}],"wp:featuredmedia":[{"embeddable":true,"href":"https:\/\/entretormentas.com\/index.php?rest_route=\/wp\/v2\/media\/14596"}],"wp:attachment":[{"href":"https:\/\/entretormentas.com\/index.php?rest_route=%2Fwp%2Fv2%2Fmedia&parent=14595"}],"wp:term":[{"taxonomy":"category","embeddable":true,"href":"https:\/\/entretormentas.com\/index.php?rest_route=%2Fwp%2Fv2%2Fcategories&post=14595"},{"taxonomy":"post_tag","embeddable":true,"href":"https:\/\/entretormentas.com\/index.php?rest_route=%2Fwp%2Fv2%2Ftags&post=14595"}],"curies":[{"name":"wp","href":"https:\/\/api.w.org\/{rel}","templated":true}]}}