{"id":14599,"date":"2025-03-25T07:33:29","date_gmt":"2025-03-25T06:33:29","guid":{"rendered":"https:\/\/entretormentas.com\/?p=14599"},"modified":"2025-03-25T07:33:29","modified_gmt":"2025-03-25T06:33:29","slug":"cumpliendo-alcaldia-de-san-francisco-acata-esquema-1x1-y-horario-laboral-de-800-am-a-1230-pm","status":"publish","type":"post","link":"https:\/\/entretormentas.com\/cumpliendo-alcaldia-de-san-francisco-acata-esquema-1x1-y-horario-laboral-de-800-am-a-1230-pm\/","title":{"rendered":"\u00a1CUMPLIENDO! Alcald\u00eda de San Francisco acata esquema 1&#215;1 y horario laboral de 8:00 am a 12:30 pm"},"content":{"rendered":"\n<p><strong>ENTRE TORMENTAS.<\/strong> El alcalde de San Francisco, Gustavo Fern\u00e1ndez, instruy\u00f3 a los institutos, gerencias y direcciones adscritas a la Alcald\u00eda de San Francisco a acatar de manera inmediata, hoy 24 de marzo, el comunicado del Gobierno Nacional donde se establece el horario laboral de 8:00 a.m. a 12:30 p.m. y el esquema 1&#215;1, un d\u00eda laborable por un d\u00eda no laborable.<\/p>\n\n\n\n<p>Los entes del municipio San Francisco que prestan servicios esenciales para los ciudadanos, como el Instituto P\u00fablico Municipal de la Salud (Imsasur) en el \u00e1mbito de la salud, la Polic\u00eda de San Francisco en seguridad, el Instituto P\u00fablico Municipal de Ambiente y Aseo Urbano (Imasur)en la recolecci\u00f3n de desechos s\u00f3lidos y los Bomberos de San Francisco mantendr\u00e1n sus operaciones y horarios habituales.<\/p>\n\n\n\n<figure class=\"wp-block-image size-large\"><img fetchpriority=\"high\" decoding=\"async\" width=\"1024\" height=\"682\" src=\"https:\/\/entretormentas.com\/wp-content\/uploads\/2025\/03\/image-455-1024x682.png\" alt=\"\" class=\"wp-image-14601\" srcset=\"https:\/\/entretormentas.com\/wp-content\/uploads\/2025\/03\/image-455-1024x682.png 1024w, https:\/\/entretormentas.com\/wp-content\/uploads\/2025\/03\/image-455-300x200.png 300w, https:\/\/entretormentas.com\/wp-content\/uploads\/2025\/03\/image-455-768x511.png 768w, https:\/\/entretormentas.com\/wp-content\/uploads\/2025\/03\/image-455.png 1080w\" sizes=\"(max-width: 1024px) 100vw, 1024px\" \/><\/figure>\n\n\n\n<p>Esta medida, establecida por el gobierno venezolano, tiene como objetivo principal mitigar el impacto de la sequ\u00eda, contribuyendo a reducir el consumo energ\u00e9tico y promoviendo las pr\u00e1cticas sostenibles en el pa\u00eds para el bienestar de la poblaci\u00f3n.<br><strong><em>ET \/ Alcald\u00eda de San Francisco<\/em><\/strong><\/p>\n","protected":false},"excerpt":{"rendered":"<p>ENTRE TORMENTAS. El alcalde de San Francisco, Gustavo Fern\u00e1ndez, instruy\u00f3 a los institutos, gerencias y&#8230;<\/p>\n","protected":false},"author":2,"featured_media":14600,"comment_status":"closed","ping_status":"open","sticky":false,"template":"","format":"standard","meta":{"footnotes":""},"categories":[57,1],"tags":[],"class_list":["post-14599","post","type-post","status-publish","format-standard","has-post-thumbnail","hentry","category-actualidad","category-regionales"],"_links":{"self":[{"href":"https:\/\/entretormentas.com\/index.php?rest_route=\/wp\/v2\/posts\/14599","targetHints":{"allow":["GET"]}}],"collection":[{"href":"https:\/\/entretormentas.com\/index.php?rest_route=\/wp\/v2\/posts"}],"about":[{"href":"https:\/\/entretormentas.com\/index.php?rest_route=\/wp\/v2\/types\/post"}],"author":[{"embeddable":true,"href":"https:\/\/entretormentas.com\/index.php?rest_route=\/wp\/v2\/users\/2"}],"replies":[{"embeddable":true,"href":"https:\/\/entretormentas.com\/index.php?rest_route=%2Fwp%2Fv2%2Fcomments&post=14599"}],"version-history":[{"count":1,"href":"https:\/\/entretormentas.com\/index.php?rest_route=\/wp\/v2\/posts\/14599\/revisions"}],"predecessor-version":[{"id":14602,"href":"https:\/\/entretormentas.com\/index.php?rest_route=\/wp\/v2\/posts\/14599\/revisions\/14602"}],"wp:featuredmedia":[{"embeddable":true,"href":"https:\/\/entretormentas.com\/index.php?rest_route=\/wp\/v2\/media\/14600"}],"wp:attachment":[{"href":"https:\/\/entretormentas.com\/index.php?rest_route=%2Fwp%2Fv2%2Fmedia&parent=14599"}],"wp:term":[{"taxonomy":"category","embeddable":true,"href":"https:\/\/entretormentas.com\/index.php?rest_route=%2Fwp%2Fv2%2Fcategories&post=14599"},{"taxonomy":"post_tag","embeddable":true,"href":"https:\/\/entretormentas.com\/index.php?rest_route=%2Fwp%2Fv2%2Ftags&post=14599"}],"curies":[{"name":"wp","href":"https:\/\/api.w.org\/{rel}","templated":true}]}}