{"id":14613,"date":"2025-03-25T07:42:58","date_gmt":"2025-03-25T06:42:58","guid":{"rendered":"https:\/\/entretormentas.com\/?p=14613"},"modified":"2025-03-25T07:42:59","modified_gmt":"2025-03-25T06:42:59","slug":"vicepresidenta-del-mas-nadie-debe-manipular-el-tema-migratorio","status":"publish","type":"post","link":"https:\/\/entretormentas.com\/vicepresidenta-del-mas-nadie-debe-manipular-el-tema-migratorio\/","title":{"rendered":"VICEPRESIDENTA DEL MAS: \u00abNadie debe manipular el tema migratorio\u00bb"},"content":{"rendered":"\n<p><strong>ENTRE TORMENTAS. <\/strong>Sobre la orden ejecutiva de Donald Trump de eliminar figuras legales como el TPS y el parole humanitario, la vicepresidenta del MAS, Mar\u00eda Verdeal, expres\u00f3 su solidaridad con los migrantes venezolanos afectados, quienes pasan a engrosar las deportaciones masivas que ejecuta el gobierno de los Estados Unidos.<\/p>\n\n\n\n<p>Lament\u00f3 que se est\u00e9n violentando los derechos humanos y humanitarios de m\u00e1s de 238 venezolanos trasladados al CECOT, la c\u00e1rcel de m\u00e1xima seguridad de El Salvador y que sean calificados como terroristas o pertenecientes al tren de Aragua.<\/p>\n\n\n\n<p>\u00abHemos visto los ruegos y s\u00faplicas de madres, padres y esposas que abogan por sus familiares, puesto que no tienen antecedentes penales o conducta delictiva probada\u00bb.<\/p>\n\n\n\n<p>No obstante, Verdeal aclar\u00f3 que la situaci\u00f3n pol\u00edtica, econ\u00f3mica y social del pa\u00eds es responsable de la migraci\u00f3n de m\u00e1s de ocho millones de venezolanos, en b\u00fasqueda de una mejor calidad de vida.<\/p>\n\n\n\n<p>\u201cEste episodio debe unirnos a todos los venezolanos, sin que exista alg\u00fan reproche. Nadie debe manipular un tema tan vulnerable y delicado\u201d.<\/p>\n\n\n\n<p>La abogada le solicit\u00f3 al gobierno nacional el mismo respeto que le exige a Estados Unidos sobre los derechos humanos, de manera tal que los presos pol\u00edticos venezolanos tengan acceso a la defensa, al debido proceso y que puedan tener contacto con sus respectivas familias.<\/p>\n\n\n\n<p>\u00abCondenamos la persecuci\u00f3n y criminalizaci\u00f3n solo por tener la ciudadan\u00eda venezolana. Pedimos un r\u00e1pido entendimiento entre ambos pa\u00edses para detener el trato cruel e inhumano que reciben nuestros connacionales\u00bb.<\/p>\n\n\n\n<p>En otro orden de ideas, Verdeal, advirti\u00f3 que las medidas anunciadas por el ejecutivo nacional sobre el racionamiento el\u00e9ctrico y la reducci\u00f3n de la jornada laboral en la administraci\u00f3n p\u00fablica, afectar\u00e1 seriamente el desenvolvimiento y atenci\u00f3n en todas sus instancias extendi\u00e9ndose a gobernaciones y alcald\u00edas.<\/p>\n\n\n\n<p>Se\u00f1al\u00f3 que un recorte de actividades laborales por 6 semanas podr\u00eda entorpecer el cronograma comicial debido a los l\u00edmites que tienen las fechas all\u00ed establecidas para cumplir con las debidas fases de preparaci\u00f3n y organizaci\u00f3n del proceso electoral.<\/p>\n\n\n\n<p>\u00abComo ente p\u00fablico, el Consejo Nacional Electoral est\u00e1 sujeto a tales medidas. \u00bfSe prorrogar\u00e1n nuevamente las elecciones de diputados a la AN, de gobernadores y consejos legislativos pautadas para el 25 de mayo?\u201d<\/p>\n\n\n\n<p>En relaci\u00f3n con el estatus legal del partido naranja, la dirigente pol\u00edtica indic\u00f3 que acudieron nuevamente al CNE para obtener respuesta.<\/p>\n\n\n\n<p>\u201cNuestra organizaci\u00f3n cumple con todos los extremos formales que exige tanto la ley electoral como nuestra normativa interna, por lo que no deber\u00eda existir ning\u00fan problema para que nuestra tarjeta est\u00e9 habilitada el 25 de mayo y podamos participar en este proceso\u00bb.<\/p>\n\n\n\n<p>Reiter\u00f3 que el MAS nunca ha dejado de ejercer el voto como instrumento de lucha, el cual est\u00e1 en el ADN de la organizaci\u00f3n pol\u00edtica. El cronograma electoral avanza y se mantiene la incertidumbre.<br><strong><em>ET \/ Prensa MAS<\/em><\/strong><\/p>\n\n\n\n<p><\/p>\n","protected":false},"excerpt":{"rendered":"<p>ENTRE TORMENTAS. Sobre la orden ejecutiva de Donald Trump de eliminar figuras legales como el&#8230;<\/p>\n","protected":false},"author":2,"featured_media":14614,"comment_status":"closed","ping_status":"open","sticky":false,"template":"","format":"standard","meta":{"footnotes":""},"categories":[56,49],"tags":[],"class_list":["post-14613","post","type-post","status-publish","format-standard","has-post-thumbnail","hentry","category-destacadas","category-nacionales"],"_links":{"self":[{"href":"https:\/\/entretormentas.com\/index.php?rest_route=\/wp\/v2\/posts\/14613","targetHints":{"allow":["GET"]}}],"collection":[{"href":"https:\/\/entretormentas.com\/index.php?rest_route=\/wp\/v2\/posts"}],"about":[{"href":"https:\/\/entretormentas.com\/index.php?rest_route=\/wp\/v2\/types\/post"}],"author":[{"embeddable":true,"href":"https:\/\/entretormentas.com\/index.php?rest_route=\/wp\/v2\/users\/2"}],"replies":[{"embeddable":true,"href":"https:\/\/entretormentas.com\/index.php?rest_route=%2Fwp%2Fv2%2Fcomments&post=14613"}],"version-history":[{"count":1,"href":"https:\/\/entretormentas.com\/index.php?rest_route=\/wp\/v2\/posts\/14613\/revisions"}],"predecessor-version":[{"id":14615,"href":"https:\/\/entretormentas.com\/index.php?rest_route=\/wp\/v2\/posts\/14613\/revisions\/14615"}],"wp:featuredmedia":[{"embeddable":true,"href":"https:\/\/entretormentas.com\/index.php?rest_route=\/wp\/v2\/media\/14614"}],"wp:attachment":[{"href":"https:\/\/entretormentas.com\/index.php?rest_route=%2Fwp%2Fv2%2Fmedia&parent=14613"}],"wp:term":[{"taxonomy":"category","embeddable":true,"href":"https:\/\/entretormentas.com\/index.php?rest_route=%2Fwp%2Fv2%2Fcategories&post=14613"},{"taxonomy":"post_tag","embeddable":true,"href":"https:\/\/entretormentas.com\/index.php?rest_route=%2Fwp%2Fv2%2Ftags&post=14613"}],"curies":[{"name":"wp","href":"https:\/\/api.w.org\/{rel}","templated":true}]}}