{"id":14639,"date":"2025-03-26T09:01:30","date_gmt":"2025-03-26T08:01:30","guid":{"rendered":"https:\/\/entretormentas.com\/?p=14639"},"modified":"2025-03-26T09:01:31","modified_gmt":"2025-03-26T08:01:31","slug":"tras-florecimiento-de-los-curarires-alcaldia-de-san-francisco-realiza-operativo-especial-de-limpieza-en-el-jardin-botanico","status":"publish","type":"post","link":"https:\/\/entretormentas.com\/tras-florecimiento-de-los-curarires-alcaldia-de-san-francisco-realiza-operativo-especial-de-limpieza-en-el-jardin-botanico\/","title":{"rendered":"\u00a1TRAS FLORECIMIENTO DE LOS CURARIRES! Alcald\u00eda de San Francisco realiza operativo especial de limpieza en el Jard\u00edn Bot\u00e1nico"},"content":{"rendered":"\n<p><strong>ENTRE TORMENTAS.<\/strong> A fin de continuar brindando espacios limpios y saneados, la alcald\u00eda de San Francisco, a trav\u00e9s del Instituto P\u00fablico Municipal de Ambiente y Aseo Urbano, realiz\u00f3 un operativo especial de limpieza en el Jard\u00edn Bot\u00e1nico Dr. Leandro Aristeg\u00fcieta, ubicado en la parroquia Marcial Hern\u00e1ndez de la entidad sure\u00f1a.<\/p>\n\n\n\n<p>Javier Solano, director de Aseo Urbano y Domiciliario manifest\u00f3 que para mantener un entorno adecuado y acorde con la flora y fauna que habitan en este reservorio natural se ejecutaron labores de limpieza, adem\u00e1s de recolecci\u00f3n de residuos y poda de plantas que se encontraban en los senderos y sus alrededores, contribuyendo a mejorar la accesibilidad y el paisaje del jard\u00edn.<\/p>\n\n\n\n<figure class=\"wp-block-image size-large\"><img fetchpriority=\"high\" decoding=\"async\" width=\"1024\" height=\"680\" src=\"https:\/\/entretormentas.com\/wp-content\/uploads\/2025\/03\/image-475-1024x680.png\" alt=\"\" class=\"wp-image-14642\" srcset=\"https:\/\/entretormentas.com\/wp-content\/uploads\/2025\/03\/image-475-1024x680.png 1024w, https:\/\/entretormentas.com\/wp-content\/uploads\/2025\/03\/image-475-300x199.png 300w, https:\/\/entretormentas.com\/wp-content\/uploads\/2025\/03\/image-475-768x510.png 768w, https:\/\/entretormentas.com\/wp-content\/uploads\/2025\/03\/image-475.png 1080w\" sizes=\"(max-width: 1024px) 100vw, 1024px\" \/><\/figure>\n\n\n\n<p>Agreg\u00f3 que la participaci\u00f3n activa del equipo de Imasur, del personal especializado del parque y la conciencia ambiental entre los ciudadanos, son esenciales para la preservaci\u00f3n de estos y otros espacios naturales.<\/p>\n\n\n\n<p>Por su parte, Mario L\u00f3pez, director de Saneamiento Ambiental, dijo que las tareas de higienizaci\u00f3n en este centro de recreaci\u00f3n y esparcimiento familiar, buscan fomentar un entorno m\u00e1s saludable y sostenible, en equilibrio con la naturaleza, que cada a\u00f1o, se evidencia con el florecimiento de los Curarires, llenando de color y resplandor esta maravilla de nuestro ecosistema.<\/p>\n\n\n\n<p>El alcalde Gustavo Fern\u00e1ndez contin\u00faa ampliando sus esfuerzos en mantener un San Francisco limpio y ordenado para todos, fomentando la educaci\u00f3n y sensibilizaci\u00f3n sobre el cuidado de los espacios naturales, siendo portavoz para que las futuras generaciones por venir, contribuyan con su conservaci\u00f3n y permanencia en el tiempo.<br><strong><em>ET \/ Alcald\u00eda de San Francisco<\/em><\/strong><\/p>\n","protected":false},"excerpt":{"rendered":"<p>ENTRE TORMENTAS. A fin de continuar brindando espacios limpios y saneados, la alcald\u00eda de San&#8230;<\/p>\n","protected":false},"author":2,"featured_media":14640,"comment_status":"closed","ping_status":"open","sticky":false,"template":"","format":"standard","meta":{"footnotes":""},"categories":[57,1],"tags":[],"class_list":["post-14639","post","type-post","status-publish","format-standard","has-post-thumbnail","hentry","category-actualidad","category-regionales"],"_links":{"self":[{"href":"https:\/\/entretormentas.com\/index.php?rest_route=\/wp\/v2\/posts\/14639","targetHints":{"allow":["GET"]}}],"collection":[{"href":"https:\/\/entretormentas.com\/index.php?rest_route=\/wp\/v2\/posts"}],"about":[{"href":"https:\/\/entretormentas.com\/index.php?rest_route=\/wp\/v2\/types\/post"}],"author":[{"embeddable":true,"href":"https:\/\/entretormentas.com\/index.php?rest_route=\/wp\/v2\/users\/2"}],"replies":[{"embeddable":true,"href":"https:\/\/entretormentas.com\/index.php?rest_route=%2Fwp%2Fv2%2Fcomments&post=14639"}],"version-history":[{"count":1,"href":"https:\/\/entretormentas.com\/index.php?rest_route=\/wp\/v2\/posts\/14639\/revisions"}],"predecessor-version":[{"id":14643,"href":"https:\/\/entretormentas.com\/index.php?rest_route=\/wp\/v2\/posts\/14639\/revisions\/14643"}],"wp:featuredmedia":[{"embeddable":true,"href":"https:\/\/entretormentas.com\/index.php?rest_route=\/wp\/v2\/media\/14640"}],"wp:attachment":[{"href":"https:\/\/entretormentas.com\/index.php?rest_route=%2Fwp%2Fv2%2Fmedia&parent=14639"}],"wp:term":[{"taxonomy":"category","embeddable":true,"href":"https:\/\/entretormentas.com\/index.php?rest_route=%2Fwp%2Fv2%2Fcategories&post=14639"},{"taxonomy":"post_tag","embeddable":true,"href":"https:\/\/entretormentas.com\/index.php?rest_route=%2Fwp%2Fv2%2Ftags&post=14639"}],"curies":[{"name":"wp","href":"https:\/\/api.w.org\/{rel}","templated":true}]}}