{"id":14648,"date":"2025-03-26T09:07:36","date_gmt":"2025-03-26T08:07:36","guid":{"rendered":"https:\/\/entretormentas.com\/?p=14648"},"modified":"2025-03-26T09:07:36","modified_gmt":"2025-03-26T08:07:36","slug":"cumpliendo-alcaldia-de-san-francisco-cumple-con-la-tercera-fase-del-asfaltado-en-la-charrasca","status":"publish","type":"post","link":"https:\/\/entretormentas.com\/cumpliendo-alcaldia-de-san-francisco-cumple-con-la-tercera-fase-del-asfaltado-en-la-charrasca\/","title":{"rendered":"\u00a1CUMPLIENDO! Alcald\u00eda de San Francisco cumple con la tercera fase del asfaltado en La Charrasca"},"content":{"rendered":"\n<p><strong>ENTRE TORMENTAS. <\/strong>Cumpliendo el compromiso con la recuperaci\u00f3n vial del municipio, la Alcald\u00eda de San Francisco, bajo la gesti\u00f3n del alcalde Gustavo Fern\u00e1ndez, est\u00e1 finalizando los trabajos de reasfaltado en la avenida 48, conocida como La Charrasca, entrada que conecta el corredor vial de La 200 con Ciudadela Rafael Caldera (Fundabarrios), en la parroquia Jos\u00e9 Domingo Rus.<\/p>\n\n\n\n<p>El alcalde Gustavo Fern\u00e1ndez afirm\u00f3 que est\u00e1n cumpliendo con el comunicado del esquema 1&#215;1 y horario laboral de 8:00 a.m. a 12:30 p.m. establecido por el Gobierno Nacional, sin embargo los trabajos en la calle no se detienen. \u00abHoy martes no se est\u00e1 laborando a nivel administrativo en las dependencias de nuestra alcald\u00eda de San Francisco, solo los servicios esenciales como los de salud, seguridad y recolecci\u00f3n de desechos s\u00f3lidos\u00bb, indic\u00f3 Fern\u00e1ndez.<\/p>\n\n\n\n<figure class=\"wp-block-image size-large\"><img fetchpriority=\"high\" decoding=\"async\" width=\"1024\" height=\"682\" src=\"https:\/\/entretormentas.com\/wp-content\/uploads\/2025\/03\/image-480-1024x682.png\" alt=\"\" class=\"wp-image-14651\" srcset=\"https:\/\/entretormentas.com\/wp-content\/uploads\/2025\/03\/image-480-1024x682.png 1024w, https:\/\/entretormentas.com\/wp-content\/uploads\/2025\/03\/image-480-300x200.png 300w, https:\/\/entretormentas.com\/wp-content\/uploads\/2025\/03\/image-480-768x512.png 768w, https:\/\/entretormentas.com\/wp-content\/uploads\/2025\/03\/image-480.png 1280w\" sizes=\"(max-width: 1024px) 100vw, 1024px\" \/><\/figure>\n\n\n\n<p>Referente a la ejecuci\u00f3n de los trabajos de asfaltado, del sector conocido por sus habitantes como \u00abLa Charrasca\u00bb, el alcalde manifest\u00f3 que est\u00e1n iniciando la tercera y \u00faltima fase de la colocaci\u00f3n de asfalto estipulado para la zona. Por lo que se contin\u00faa atendiendo la ejecuci\u00f3n de los trabajos de recuperaci\u00f3n vial, programados para este primer trimestre a trav\u00e9s de las gerencias de Infraestructura y Operaciones del ayuntamiento sure\u00f1o.<\/p>\n\n\n\n<p>\u00abHoy estamos colocando las \u00faltimas 300 toneladas de asfalto en este sector\u00bb, precis\u00f3 Fern\u00e1ndez M\u00e9ndez a la vez que destac\u00f3 que este es un trabajo permanente y que fue solicitado desde hace muchos a\u00f1os por los vecinos de la parroquia Jos\u00e9 Domingo Rus. \u00abNosotros estamos cumpliendo, continuamos trabajando, le recordamos a San Francisco que aqu\u00ed tienen a un gobierno en la calle, trabajando por el desarrollo arm\u00f3nico y pleno de nuestro municipio\u00bb, afirm\u00f3.<br><strong><em>ET \/ Alcald\u00eda de San Francisco<\/em><\/strong><\/p>\n","protected":false},"excerpt":{"rendered":"<p>ENTRE TORMENTAS. Cumpliendo el compromiso con la recuperaci\u00f3n vial del municipio, la Alcald\u00eda de San&#8230;<\/p>\n","protected":false},"author":2,"featured_media":14649,"comment_status":"closed","ping_status":"open","sticky":false,"template":"","format":"standard","meta":{"footnotes":""},"categories":[57,1],"tags":[],"class_list":["post-14648","post","type-post","status-publish","format-standard","has-post-thumbnail","hentry","category-actualidad","category-regionales"],"_links":{"self":[{"href":"https:\/\/entretormentas.com\/index.php?rest_route=\/wp\/v2\/posts\/14648","targetHints":{"allow":["GET"]}}],"collection":[{"href":"https:\/\/entretormentas.com\/index.php?rest_route=\/wp\/v2\/posts"}],"about":[{"href":"https:\/\/entretormentas.com\/index.php?rest_route=\/wp\/v2\/types\/post"}],"author":[{"embeddable":true,"href":"https:\/\/entretormentas.com\/index.php?rest_route=\/wp\/v2\/users\/2"}],"replies":[{"embeddable":true,"href":"https:\/\/entretormentas.com\/index.php?rest_route=%2Fwp%2Fv2%2Fcomments&post=14648"}],"version-history":[{"count":1,"href":"https:\/\/entretormentas.com\/index.php?rest_route=\/wp\/v2\/posts\/14648\/revisions"}],"predecessor-version":[{"id":14652,"href":"https:\/\/entretormentas.com\/index.php?rest_route=\/wp\/v2\/posts\/14648\/revisions\/14652"}],"wp:featuredmedia":[{"embeddable":true,"href":"https:\/\/entretormentas.com\/index.php?rest_route=\/wp\/v2\/media\/14649"}],"wp:attachment":[{"href":"https:\/\/entretormentas.com\/index.php?rest_route=%2Fwp%2Fv2%2Fmedia&parent=14648"}],"wp:term":[{"taxonomy":"category","embeddable":true,"href":"https:\/\/entretormentas.com\/index.php?rest_route=%2Fwp%2Fv2%2Fcategories&post=14648"},{"taxonomy":"post_tag","embeddable":true,"href":"https:\/\/entretormentas.com\/index.php?rest_route=%2Fwp%2Fv2%2Ftags&post=14648"}],"curies":[{"name":"wp","href":"https:\/\/api.w.org\/{rel}","templated":true}]}}