{"id":14653,"date":"2025-03-26T09:09:30","date_gmt":"2025-03-26T08:09:30","guid":{"rendered":"https:\/\/entretormentas.com\/?p=14653"},"modified":"2025-03-26T09:09:30","modified_gmt":"2025-03-26T08:09:30","slug":"mediacion-internacional-maduro-pide-a-guterres-que-interceda-por-migrantes-venezolanos-en-el-salvador","status":"publish","type":"post","link":"https:\/\/entretormentas.com\/mediacion-internacional-maduro-pide-a-guterres-que-interceda-por-migrantes-venezolanos-en-el-salvador\/","title":{"rendered":"\u00a1MEDIACI\u00d3N INTERNACIONAL! Maduro pide a Guterres que interceda por migrantes venezolanos en El Salvador"},"content":{"rendered":"\n<p><strong>ENTRE TORMENTAS. <\/strong>El presidente de Venezuela, Nicol\u00e1s Maduro, pidi\u00f3 al secretario general de las Naciones Unidas (ONU), Ant\u00f3nio Guterres, y al alto comisionado de este organismo para los Derechos Humanos, Volker T\u00fcrk, que intercedan por los migrantes venezolanos que est\u00e1n arrestados en El Salvador, donde llegaron tras ser deportados por Estados Unidos.<\/p>\n\n\n\n<p>En una transmisi\u00f3n del canal estatal Venezolana de Televisi\u00f3n (VTV), Maduro consider\u00f3 que estos venezolanos se encuentran \u00absecuestrados\u00bb, en \u00abdesaparici\u00f3n forzosa\u00bb y permanecen en \u00abcampos de concentraci\u00f3n\u00bb.<\/p>\n\n\n\n<p>Adem\u00e1s, critic\u00f3 que ni el presidente de Estados Unidos, Donald Trump, ni el de El Salvador, Nayib Bukele, hayan publicado la lista de los migrantes que fueron deportados el pasado 16 de marzo al pa\u00eds centroamericano, acusados de presuntamente pertenecer a la banda transnacional Tren de Aragua.<\/p>\n\n\n\n<p>\u00abD\u00edcese que hay 238 venezolanos secuestrados en c\u00e1rceles, campos de concentraci\u00f3n, de El Salvador. Una semana despu\u00e9s de haber sido llevados y lanzados en campos de concentraci\u00f3n, ni el Gobierno de Estados Unidos ni Nayib Bukele han publicado la lista de a qui\u00e9nes tienen secuestrados en El Salvador\u00bb, indic\u00f3 el l\u00edder chavista, para quien eso se llama \u00abdesaparici\u00f3n forzosa\u00bb.<\/p>\n\n\n\n<p>Maduro exigi\u00f3 a los organismos dentro de Estados Unidos y de la ONU \u00abtomar acciones inmediatas\u00bb para restituir los derechos humanos de \u00abtoda la migraci\u00f3n venezolana\u00bb.<\/p>\n\n\n\n<p>Asimismo, inform\u00f3 que este lunes \u00abun bufete de abogados salvadore\u00f1o\u00bb introdujo un recurso de \u2018habeas corpus\u2019 por \u00abla libertad de un grupo de venezolanos secuestrados\u00bb.<br><strong><em>ET \/ EFE<\/em><\/strong><\/p>\n","protected":false},"excerpt":{"rendered":"<p>ENTRE TORMENTAS. El presidente de Venezuela, Nicol\u00e1s Maduro, pidi\u00f3 al secretario general de las Naciones&#8230;<\/p>\n","protected":false},"author":2,"featured_media":14654,"comment_status":"closed","ping_status":"open","sticky":false,"template":"","format":"standard","meta":{"footnotes":""},"categories":[56,49],"tags":[],"class_list":["post-14653","post","type-post","status-publish","format-standard","has-post-thumbnail","hentry","category-destacadas","category-nacionales"],"_links":{"self":[{"href":"https:\/\/entretormentas.com\/index.php?rest_route=\/wp\/v2\/posts\/14653","targetHints":{"allow":["GET"]}}],"collection":[{"href":"https:\/\/entretormentas.com\/index.php?rest_route=\/wp\/v2\/posts"}],"about":[{"href":"https:\/\/entretormentas.com\/index.php?rest_route=\/wp\/v2\/types\/post"}],"author":[{"embeddable":true,"href":"https:\/\/entretormentas.com\/index.php?rest_route=\/wp\/v2\/users\/2"}],"replies":[{"embeddable":true,"href":"https:\/\/entretormentas.com\/index.php?rest_route=%2Fwp%2Fv2%2Fcomments&post=14653"}],"version-history":[{"count":1,"href":"https:\/\/entretormentas.com\/index.php?rest_route=\/wp\/v2\/posts\/14653\/revisions"}],"predecessor-version":[{"id":14655,"href":"https:\/\/entretormentas.com\/index.php?rest_route=\/wp\/v2\/posts\/14653\/revisions\/14655"}],"wp:featuredmedia":[{"embeddable":true,"href":"https:\/\/entretormentas.com\/index.php?rest_route=\/wp\/v2\/media\/14654"}],"wp:attachment":[{"href":"https:\/\/entretormentas.com\/index.php?rest_route=%2Fwp%2Fv2%2Fmedia&parent=14653"}],"wp:term":[{"taxonomy":"category","embeddable":true,"href":"https:\/\/entretormentas.com\/index.php?rest_route=%2Fwp%2Fv2%2Fcategories&post=14653"},{"taxonomy":"post_tag","embeddable":true,"href":"https:\/\/entretormentas.com\/index.php?rest_route=%2Fwp%2Fv2%2Ftags&post=14653"}],"curies":[{"name":"wp","href":"https:\/\/api.w.org\/{rel}","templated":true}]}}