{"id":14687,"date":"2025-03-27T09:13:07","date_gmt":"2025-03-27T08:13:07","guid":{"rendered":"https:\/\/entretormentas.com\/?p=14687"},"modified":"2025-03-27T09:13:08","modified_gmt":"2025-03-27T08:13:08","slug":"apoyo-municipal-semifinal-de-la-5a-olimpiada-de-deletreo-ya-tiene-sus-representantes-parroquiales","status":"publish","type":"post","link":"https:\/\/entretormentas.com\/apoyo-municipal-semifinal-de-la-5a-olimpiada-de-deletreo-ya-tiene-sus-representantes-parroquiales\/","title":{"rendered":"\u00a1APOYO MUNICIPAL! Semifinal de la 5a Olimpiada de Deletreo ya tiene sus representantes parroquiales"},"content":{"rendered":"\n<p><strong>ENTRE TORMENTAS.<\/strong> \u00a1Todos son ganadores! Ya 36 ni\u00f1os tienen su cupo asegurado en la semifinal de la 5a Olimpiada de Deletreo: Conozcamos a Maracaibo, organizada por la Alcald\u00eda de Maracaibo, a trav\u00e9s de la Red de Bibliotecas Jes\u00fas Enrique Lossada (Fundabiblioteca).<\/p>\n\n\n\n<p>Terminada la Fase IV de la \u00fanica competencia de deletreo en espa\u00f1ol a nivel municipal de Venezuela, el n\u00famero de participantes baj\u00f3 de 53 a 36. Estos 36 se unir\u00e1n a los dos escogidos en la categor\u00eda digital Destacados Interactivos, para conformar el grupo completo que ir\u00e1 a la semifinal, a realizarse el pr\u00f3ximo 2 de abril en la biblioteca estatal Mar\u00eda Calca\u00f1o.<\/p>\n\n\n\n<p>Yecenia Toncel, presidente de Fundabiblioteca, inform\u00f3 que ya todos los colegios est\u00e1n informados que su participante ser\u00e1 el que representar\u00e1 a su parroquia. \u201cSon dos ni\u00f1os por parroquia que se enfrentar\u00e1n entre s\u00ed para luego, en la gran final, enfrentarse todos contra todos. Esta es una competencia s\u00faper divertida, pero tambi\u00e9n de mucho conocimiento y destreza\u201d.<\/p>\n\n\n\n<figure class=\"wp-block-image size-large\"><img fetchpriority=\"high\" decoding=\"async\" width=\"1024\" height=\"576\" src=\"https:\/\/entretormentas.com\/wp-content\/uploads\/2025\/03\/image-498-1024x576.png\" alt=\"\" class=\"wp-image-14689\" srcset=\"https:\/\/entretormentas.com\/wp-content\/uploads\/2025\/03\/image-498-1024x576.png 1024w, https:\/\/entretormentas.com\/wp-content\/uploads\/2025\/03\/image-498-300x169.png 300w, https:\/\/entretormentas.com\/wp-content\/uploads\/2025\/03\/image-498-768x432.png 768w, https:\/\/entretormentas.com\/wp-content\/uploads\/2025\/03\/image-498-1536x864.png 1536w, https:\/\/entretormentas.com\/wp-content\/uploads\/2025\/03\/image-498.png 1600w\" sizes=\"(max-width: 1024px) 100vw, 1024px\" \/><\/figure>\n\n\n\n<p><strong>PARTICIPANTES POR PARROQUIA:<\/strong><br>Antonio Borjas Romero: Sebasti\u00e1n Nieves, de la U.E.P.A. Padre \u00c1ngel Rodr\u00edguez del Palacio y Brenda Gonz\u00e1lez, de la U.E.P.A. Bicentenario del Natalicio del Libertador.<\/p>\n\n\n\n<p>Bol\u00edvar: Aar\u00f3n Vargas, de la U.E. Colegio Santa Teresa de Jes\u00fas, y Sol Gonz\u00e1lez, de la U.E.P. Instituto los Pr\u00f3ceres.<\/p>\n\n\n\n<p>Cacique Mara: Fabiola Villasmil, de la U.E.P. Rel\u00e1mpago del Catatumbo, y Ana Buelvas, de la U.E.P. Colegio Gonzaga.<\/p>\n\n\n\n<p>Caracciolo Parra P\u00e9rez: Christian Madue\u00f1o, de la U.E.P. Dar\u00edo Duran Cepeda, y Diego Cardozo, de la U.E.P. Dr. Jos\u00e9 Gregorio Hern\u00e1ndez.<\/p>\n\n\n\n<p>Cecilio Acosta: Ana Acosta, de la U.E.P. San Antonio, y Tifany Ferreira, de la U.E.P. General Santiago Mari\u00f1o.<\/p>\n\n\n\n<p>Chiquinquir\u00e1: Mat\u00edas Silva, de la U.E.P. Colegio Santa \u00c1ngela y Sof\u00eda Gonzales, de la U.E.P. Colegio la Presentaci\u00f3n.<\/p>\n\n\n\n<p>Coquivacoa: Sarah Atencio, de la U.E.P. Salto \u00c1ngel y Fernando Freitas, de la U.E.P. Liceo los Robles.<\/p>\n\n\n\n<p>Cristo de Aranza: Diego Pirela, de la U.E.P. Rosa de Sar\u00f3n, y Luis Mel\u00e9ndez, U.E.P. Caminitos de Luz.<\/p>\n\n\n\n<p>Francisco Eugenio Bustamante: Virginia Valbuena, de la U.E.P. Manolo Muchacho y Camila Belloso, de la U.E.P. Santa Luc\u00eda.<\/p>\n\n\n\n<p>Idelfonso V\u00e1squez: Camila Sanzonetti, de la U.E.P. Colegio Santa Mariana de Jes\u00fas y Fabi\u00e1n Linares, U.E.P. Carolina Agazzi.<\/p>\n\n\n\n<p>Juana de \u00c1vila: Alanna Hern\u00e1ndez, de la U.E.P. General Eduardo P\u00e9rez y Valentina Saravia, de la U.E.P. Dante Alighieri.<\/p>\n\n\n\n<p>Luis Hurtado Higuera: Diliana Montiel, de la U.E.P.A. Monse\u00f1or Rafael Arias Blanco y Lauris Silva, de la U.E.P.A. Manuel \u00c1ngel Puchi Fonseca.<\/p>\n\n\n\n<p>Manuel Dagnino: Mois\u00e9s Vera, de la U.E.P. San Ignacio de Loyola, y Kevin Fuenmayor, de la U.E.P. Coraz\u00f3n de Jes\u00fas.<\/p>\n\n\n\n<p>Olegario Villalobos: Oswaldo Bravo, de la U.E.P. Colegio Bellas Artes, y Salvador M\u00e1rquez, de la U.E.P. Los Apamates.<\/p>\n\n\n\n<p>Ra\u00fal Leoni: Samuel Sebr\u00edan, de la U.E.P. Don Adalberto Toledo, y Isa\u00edas Palma, U.E.P. Colegio Cagigal.<\/p>\n\n\n\n<p>San Isidro: Yorkelis Contrera, de la U.E. Fe y Alegr\u00eda Abraham Reyes, y Camila Galban, de la U.E.A. Candelaria de San Jos\u00e9.<\/p>\n\n\n\n<p>Santa Luc\u00eda: Andr\u00e9s Contreras, de la U.E.P. Nuestra Macarena, y Alexander Cherouvrier, de la U.E.P.A. Nuestra Se\u00f1ora de Lourdes.<\/p>\n\n\n\n<p>Venancio Pulgar: Nicole Rojano, de la U.E.P.A. Mar\u00eda Auxiliadora, y Jos\u00e9 Fern\u00e1ndez, de la U.E.P. Lcda. Berthy R\u00edos L\u00f3pez.<\/p>\n\n\n\n<p>Los resultados de la categor\u00eda digital Destacados Interactivo, se conocer\u00e1n el pr\u00f3ximo s\u00e1bado 29 de marzo y sus dos representantes se unir\u00e1n a estos 36 para cerrar el cuadro a la semifinal.<br><strong><em>ET \/ DCI Alcald\u00eda de Maracaibo<\/em><\/strong><\/p>\n\n\n\n<p><\/p>\n","protected":false},"excerpt":{"rendered":"<p>ENTRE TORMENTAS. \u00a1Todos son ganadores! Ya 36 ni\u00f1os tienen su cupo asegurado en la semifinal&#8230;<\/p>\n","protected":false},"author":2,"featured_media":14688,"comment_status":"closed","ping_status":"open","sticky":false,"template":"","format":"standard","meta":{"footnotes":""},"categories":[1],"tags":[],"class_list":["post-14687","post","type-post","status-publish","format-standard","has-post-thumbnail","hentry","category-regionales"],"_links":{"self":[{"href":"https:\/\/entretormentas.com\/index.php?rest_route=\/wp\/v2\/posts\/14687","targetHints":{"allow":["GET"]}}],"collection":[{"href":"https:\/\/entretormentas.com\/index.php?rest_route=\/wp\/v2\/posts"}],"about":[{"href":"https:\/\/entretormentas.com\/index.php?rest_route=\/wp\/v2\/types\/post"}],"author":[{"embeddable":true,"href":"https:\/\/entretormentas.com\/index.php?rest_route=\/wp\/v2\/users\/2"}],"replies":[{"embeddable":true,"href":"https:\/\/entretormentas.com\/index.php?rest_route=%2Fwp%2Fv2%2Fcomments&post=14687"}],"version-history":[{"count":1,"href":"https:\/\/entretormentas.com\/index.php?rest_route=\/wp\/v2\/posts\/14687\/revisions"}],"predecessor-version":[{"id":14690,"href":"https:\/\/entretormentas.com\/index.php?rest_route=\/wp\/v2\/posts\/14687\/revisions\/14690"}],"wp:featuredmedia":[{"embeddable":true,"href":"https:\/\/entretormentas.com\/index.php?rest_route=\/wp\/v2\/media\/14688"}],"wp:attachment":[{"href":"https:\/\/entretormentas.com\/index.php?rest_route=%2Fwp%2Fv2%2Fmedia&parent=14687"}],"wp:term":[{"taxonomy":"category","embeddable":true,"href":"https:\/\/entretormentas.com\/index.php?rest_route=%2Fwp%2Fv2%2Fcategories&post=14687"},{"taxonomy":"post_tag","embeddable":true,"href":"https:\/\/entretormentas.com\/index.php?rest_route=%2Fwp%2Fv2%2Ftags&post=14687"}],"curies":[{"name":"wp","href":"https:\/\/api.w.org\/{rel}","templated":true}]}}