{"id":14691,"date":"2025-03-27T09:16:00","date_gmt":"2025-03-27T08:16:00","guid":{"rendered":"https:\/\/entretormentas.com\/?p=14691"},"modified":"2025-03-27T09:16:01","modified_gmt":"2025-03-27T08:16:01","slug":"talento-y-emosiones-neguito-borjas-visita-la-fundacion-nacional-de-la-gaita-gaiteros-de-corazon","status":"publish","type":"post","link":"https:\/\/entretormentas.com\/talento-y-emosiones-neguito-borjas-visita-la-fundacion-nacional-de-la-gaita-gaiteros-de-corazon\/","title":{"rendered":"\u00a1TALENTO Y EMOSIONES! Neguito Borjas visita la Fundaci\u00f3n Nacional de la Gaita Gaiteros de Coraz\u00f3n"},"content":{"rendered":"\n<p><strong>ENTRE TORMENTAS.<\/strong> Talento, alegr\u00eda y emociones se desbordaron en la Fundaci\u00f3n Nacional de la Gaita con la visita del cantautor y artista zuliano Neguito Borjas, quien comparti\u00f3 este martes 25 de marzo una jornada enriquecedora en los espacios que se abocan a la preservaci\u00f3n, promoci\u00f3n y difusi\u00f3n del g\u00e9nero desde Maracaibo, estado Zulia, catalog\u00e1ndolo como un \u201ctemplo\u201d de cultura y m\u00fasica.<br>\u00a0<br>Al ritmo de San Benito, Alfombra Roja y Algo Sobrenatural, el gaitero oriundo de Cabimas fue recibido con la actuaci\u00f3n especial del conjunto profesional infantil Zagalines del Padre V\u00edlchez en un momento en el que mencion\u00f3 que \u201cde no existir ni\u00f1os, no existiera la gaita (\u2026) Nosotros somos aves de paso, seguimos nuestro camino, ustedes son ese semillero que representa nuestra m\u00fasica y los verdaderos protagonistas del ahora\u201d, expres\u00f3 Borjas.<br>\u00a0<br>El presidente de la Fundaci\u00f3n, Endri M\u00e9ndez, junto al director general Argenis S\u00e1nchez; el gerente Jaime Indriago; y destacados gaiteros como Ricardo Aguirre \u201cEl Pel\u00f3n\u201d y Jos\u00e9 Leonardo Linares; acompa\u00f1aron al artista que, posteriormente, lider\u00f3 la entrega de seis kits de instrumentos a ni\u00f1os, j\u00f3venes y adultos que conforman agrupaciones de comunidades y escuelas de gaita de la regi\u00f3n.<br>\u00a0<br>\u201cAdem\u00e1s de ser una figura emblem\u00e1tica representativa para nosotros que amamos la gaita y la cultura, Neguito es un gran defensor de la Fundaci\u00f3n, porque ve a trav\u00e9s de este proyecto la posibilidad de apoyar a los gaiteros: aquellos de gran trayectoria, pero tambi\u00e9n a quienes se inician en este camino como nuevos talentos. Tenerlo aqu\u00ed es un honor y compromiso, y es la forma de decirle que este pa\u00eds va hacia adelante con la m\u00fasica y a trav\u00e9s de los valores que est\u00e1n intr\u00ednsecos en cada uno de los instrumentos\u201d, sostuvo M\u00e9ndez.<br>\u00a0<br>En esta instancia, las nuevas promesas de la gaita tuvieron la oportunidad de incentivarse y enriquecer su amor por la m\u00fasica compartiendo con Neguito experiencias e interpretando gaitas junto al cantautor. \u201cYo dir\u00eda en un verso: un momento muy bonito, yo mi cabeza agacho, a ver en cada muchacho, la carita de Neguito\u201d, improvis\u00f3.<br>\u00a0<br>Gaiteros Guadalupanos, Dagnino Canta, Escuela de Gaita Ram\u00f3n Rinc\u00f3n Duque, Gaiteros de San Felipe, Asociaci\u00f3n Civil en la calle La Sampablera y Compa\u00f1\u00eda de Gaita Baralt; fueron los beneficiados gracias al apoyo del gobierno nacional.<br>\u00a0<\/p>\n\n\n\n<figure class=\"wp-block-image size-large\"><img fetchpriority=\"high\" decoding=\"async\" width=\"1024\" height=\"682\" src=\"https:\/\/entretormentas.com\/wp-content\/uploads\/2025\/03\/image-500-1024x682.png\" alt=\"\" class=\"wp-image-14693\" srcset=\"https:\/\/entretormentas.com\/wp-content\/uploads\/2025\/03\/image-500-1024x682.png 1024w, https:\/\/entretormentas.com\/wp-content\/uploads\/2025\/03\/image-500-300x200.png 300w, https:\/\/entretormentas.com\/wp-content\/uploads\/2025\/03\/image-500-768x512.png 768w, https:\/\/entretormentas.com\/wp-content\/uploads\/2025\/03\/image-500.png 1280w\" sizes=\"(max-width: 1024px) 100vw, 1024px\" \/><\/figure>\n\n\n\n<p><strong>EMBAJADOR DE LA FUNDACI\u00d3N<\/strong><br>El recorrido por las instalaciones de la Fundaci\u00f3n permiti\u00f3 a Borjas conocer de cerca el trabajo que se realiza a trav\u00e9s de un estudio de grabaci\u00f3n de primer nivel, salas de ensayo, sala de conferencia, as\u00ed como una emisora radial con 24 horas de transmisi\u00f3n dedicada a la gaita.<br>\u00a0<br>Precisamente, la jornada culmin\u00f3 con una entrevista en Gaiter\u00edsima 94.7 FM, donde Neguito comparti\u00f3 junto a la directiva de la Fundaci\u00f3n y el locutor Alejandro Fuenmayor, an\u00e9cdotas de su trayectoria, mensajes de apoyo a los ni\u00f1os y j\u00f3venes m\u00fasicos y la experiencia de la actividad.<br>\u00a0<br>\u201cEsta tarde ha sido un regalo. Una visi\u00f3n a toda esta carrera que hemos llevado con tanto amor y entrega, siempre felicitando a la directiva porque s\u00e9 de la obra que han hecho. Ha sido mucha gente atendida que ha recibido su apoyo y sin duda, este es el comienzo de algo grande. Hoy la gaita tiene un templo de cultura y m\u00fasica, lo merec\u00edamos desde hace much\u00edsimos a\u00f1os\u00bb, expres\u00f3 Borjas.<br>\u00a0<br>La visita de Neguito Borjas a la Fundaci\u00f3n Nacional de la Gaita \u201cGaiteros de Coraz\u00f3n\u201d representa un gran est\u00edmulo para seguir trabajando en la formaci\u00f3n de los gaiteros del ma\u00f1ana y el realce de la gaita como patrimonio cultural de Venezuela.<br><strong><em>ET \/ Nota de Prensa<\/em><\/strong><\/p>\n\n\n\n<p><\/p>\n","protected":false},"excerpt":{"rendered":"<p>ENTRE TORMENTAS. Talento, alegr\u00eda y emociones se desbordaron en la Fundaci\u00f3n Nacional de la Gaita&#8230;<\/p>\n","protected":false},"author":2,"featured_media":14692,"comment_status":"closed","ping_status":"open","sticky":false,"template":"","format":"standard","meta":{"footnotes":""},"categories":[1],"tags":[],"class_list":["post-14691","post","type-post","status-publish","format-standard","has-post-thumbnail","hentry","category-regionales"],"_links":{"self":[{"href":"https:\/\/entretormentas.com\/index.php?rest_route=\/wp\/v2\/posts\/14691","targetHints":{"allow":["GET"]}}],"collection":[{"href":"https:\/\/entretormentas.com\/index.php?rest_route=\/wp\/v2\/posts"}],"about":[{"href":"https:\/\/entretormentas.com\/index.php?rest_route=\/wp\/v2\/types\/post"}],"author":[{"embeddable":true,"href":"https:\/\/entretormentas.com\/index.php?rest_route=\/wp\/v2\/users\/2"}],"replies":[{"embeddable":true,"href":"https:\/\/entretormentas.com\/index.php?rest_route=%2Fwp%2Fv2%2Fcomments&post=14691"}],"version-history":[{"count":1,"href":"https:\/\/entretormentas.com\/index.php?rest_route=\/wp\/v2\/posts\/14691\/revisions"}],"predecessor-version":[{"id":14694,"href":"https:\/\/entretormentas.com\/index.php?rest_route=\/wp\/v2\/posts\/14691\/revisions\/14694"}],"wp:featuredmedia":[{"embeddable":true,"href":"https:\/\/entretormentas.com\/index.php?rest_route=\/wp\/v2\/media\/14692"}],"wp:attachment":[{"href":"https:\/\/entretormentas.com\/index.php?rest_route=%2Fwp%2Fv2%2Fmedia&parent=14691"}],"wp:term":[{"taxonomy":"category","embeddable":true,"href":"https:\/\/entretormentas.com\/index.php?rest_route=%2Fwp%2Fv2%2Fcategories&post=14691"},{"taxonomy":"post_tag","embeddable":true,"href":"https:\/\/entretormentas.com\/index.php?rest_route=%2Fwp%2Fv2%2Ftags&post=14691"}],"curies":[{"name":"wp","href":"https:\/\/api.w.org\/{rel}","templated":true}]}}