{"id":14695,"date":"2025-03-27T09:18:39","date_gmt":"2025-03-27T08:18:39","guid":{"rendered":"https:\/\/entretormentas.com\/?p=14695"},"modified":"2025-03-27T09:18:39","modified_gmt":"2025-03-27T08:18:39","slug":"con-colocacion-de-anticonceptivos-damasur-promueve-la-prevencion-del-embarazo-precoz-en-san-francisco","status":"publish","type":"post","link":"https:\/\/entretormentas.com\/con-colocacion-de-anticonceptivos-damasur-promueve-la-prevencion-del-embarazo-precoz-en-san-francisco\/","title":{"rendered":"\u00a1CON COLOCACI\u00d3N DE ANTICONCEPTIVOS! Damasur promueve la prevenci\u00f3n del embarazo precoz en San Francisco"},"content":{"rendered":"\n<p><strong>ENTRE TORMENTAS. <\/strong>En San Francisco, la fundaci\u00f3n Damas del Sur (Damasur), en alianza con el Fondo de Poblaci\u00f3n de las Naciones Unidas (Unfpa), realiza jornadas gratuitas de colocaci\u00f3n de anticonceptivos, incluyendo implantes subd\u00e9rmicos y ampollas trimestrales. Adem\u00e1s, ofrece charlas informativas junto a la distribuci\u00f3n de preservativos, con el objetivo de prevenir el embarazo precoz en el municipio.<\/p>\n\n\n\n<p>Desde el Ambulatorio de Sierra Maestra y la Unidad de Medicina Familiar Dr. Luis Sergio P\u00e9rez se efect\u00faa el despliegue de este proyecto social dirigido a mujeres de entre 14 y 24 a\u00f1os. Esta iniciativa ha beneficiado, hasta ahora, a 150 pacientes en lo que va del a\u00f1o 2025.<\/p>\n\n\n\n<p>\u00abQueremos orientar a nuestra juventud de San Francisco, proporcion\u00e1ndoles las herramientas necesarias para que tomen decisiones responsables sobre su salud reproductiva. El alcalde Gustavo Fern\u00e1ndez est\u00e1 convencido de que este es el camino para garantizarles un futuro lleno de posibilidades\u00bb, afirm\u00f3 la primera dama del municipio y presidente de Damasur, Franciela N\u00fa\u00f1ez.<\/p>\n\n\n\n<p>Dinaura Chac\u00f3n, m\u00e9dico especialista en medicina familiar y representante de este programa de prevenci\u00f3n, explic\u00f3: \u00abEl proceso inicia con una charla introductoria y asesor\u00edas previas a la consulta. Quienes no desean colocarse el implante subd\u00e9rmico les entregamos las ampollas trimestrales, cubriendo as\u00ed un a\u00f1o de tratamiento. Un mes despu\u00e9s, las pacientes asisten a una evaluaci\u00f3n sucesiva para observar el comportamiento del anticonceptivo\u00bb.<\/p>\n\n\n\n<figure class=\"wp-block-image size-large\"><img fetchpriority=\"high\" decoding=\"async\" width=\"1024\" height=\"768\" src=\"https:\/\/entretormentas.com\/wp-content\/uploads\/2025\/03\/image-501-1024x768.png\" alt=\"\" class=\"wp-image-14696\" srcset=\"https:\/\/entretormentas.com\/wp-content\/uploads\/2025\/03\/image-501-1024x768.png 1024w, https:\/\/entretormentas.com\/wp-content\/uploads\/2025\/03\/image-501-300x225.png 300w, https:\/\/entretormentas.com\/wp-content\/uploads\/2025\/03\/image-501-768x576.png 768w, https:\/\/entretormentas.com\/wp-content\/uploads\/2025\/03\/image-501-1536x1152.png 1536w, https:\/\/entretormentas.com\/wp-content\/uploads\/2025\/03\/image-501-2048x1536.png 2048w\" sizes=\"(max-width: 1024px) 100vw, 1024px\" \/><\/figure>\n\n\n\n<p><strong>PLAN PREVENTIVO<\/strong><br>La meta es reducir a cero el embarazo en la poblaci\u00f3n joven. Por esto, la doctora Chac\u00f3n enfatiza que \u00abes necesario multiplicar la informaci\u00f3n de este programa en todos los sectores y hogares del sur, para que nuevas pacientes tengan acceso a la colocaci\u00f3n de m\u00e9todos anticonceptivos que les permitan tener una planificaci\u00f3n familiar responsable.\u00bb<\/p>\n\n\n\n<p>Como parte de la atenci\u00f3n integral que reciben las mujeres en San Francisco, tambi\u00e9n se les ofrece atenci\u00f3n psicol\u00f3gica y psicopedag\u00f3gica, \u00absobre todo a quienes acuden con alguna enfermedad de transmisi\u00f3n sexual como s\u00edfilis o VIH,\u00bb acot\u00f3 la doctora Chac\u00f3n.<\/p>\n\n\n\n<p>Entre las pacientes beneficiadas, se encuentra Brichell Gonz\u00e1lez, de 22 a\u00f1os, residente de la parroquia Domitila Flores, quien asegur\u00f3 que la charla inicial fue muy educativa. \u00abAprendimos sobre la prevenci\u00f3n de enfermedades sexuales y c\u00f3mo evitar embarazos no deseados. Llevaremos la informaci\u00f3n a otras chicas que quieran implementarla. Estoy muy agradecida con el alcalde y la primera dama, debido a que este programa es gratuito\u00bb.<\/p>\n\n\n\n<p>\u00abAhora vamos a tener la precauci\u00f3n de cuidarnos. Gracias por esta ayuda que nos est\u00e1n dando a todas nosotras. S\u00e9 que esta informaci\u00f3n es muy importante para nuestro bienestar,\u00bb manifest\u00f3 Yeiskel Trujillo, de 19 a\u00f1os de edad, habitante de la parroquia San Francisco.<\/p>\n\n\n\n<p>De esta forma, Franciela N\u00fa\u00f1ez de Fern\u00e1ndez reiter\u00f3 la disposici\u00f3n de Damasur de continuar desplegando este plan preventivo en las comunidades m\u00e1s vulnerables del municipio. \u00abAqu\u00ed estamos para escucharlas y brindarles nuestro apoyo. Aquellas que requieran m\u00e1s informaci\u00f3n pueden acudir a nuestra oficina, Centro de Atenci\u00f3n Familiar, en la Av. 40, Plaza Am\u00e9rico Negrete, o escribirnos por las redes sociales de la fundaci\u00f3n,\u00bb finaliz\u00f3.<br><strong><em>ET \/ Alcald\u00eda de San Francisco<\/em><\/strong><\/p>\n\n\n\n<p><\/p>\n","protected":false},"excerpt":{"rendered":"<p>ENTRE TORMENTAS. En San Francisco, la fundaci\u00f3n Damas del Sur (Damasur), en alianza con el&#8230;<\/p>\n","protected":false},"author":2,"featured_media":14697,"comment_status":"closed","ping_status":"open","sticky":false,"template":"","format":"standard","meta":{"footnotes":""},"categories":[1],"tags":[],"class_list":["post-14695","post","type-post","status-publish","format-standard","has-post-thumbnail","hentry","category-regionales"],"_links":{"self":[{"href":"https:\/\/entretormentas.com\/index.php?rest_route=\/wp\/v2\/posts\/14695","targetHints":{"allow":["GET"]}}],"collection":[{"href":"https:\/\/entretormentas.com\/index.php?rest_route=\/wp\/v2\/posts"}],"about":[{"href":"https:\/\/entretormentas.com\/index.php?rest_route=\/wp\/v2\/types\/post"}],"author":[{"embeddable":true,"href":"https:\/\/entretormentas.com\/index.php?rest_route=\/wp\/v2\/users\/2"}],"replies":[{"embeddable":true,"href":"https:\/\/entretormentas.com\/index.php?rest_route=%2Fwp%2Fv2%2Fcomments&post=14695"}],"version-history":[{"count":1,"href":"https:\/\/entretormentas.com\/index.php?rest_route=\/wp\/v2\/posts\/14695\/revisions"}],"predecessor-version":[{"id":14698,"href":"https:\/\/entretormentas.com\/index.php?rest_route=\/wp\/v2\/posts\/14695\/revisions\/14698"}],"wp:featuredmedia":[{"embeddable":true,"href":"https:\/\/entretormentas.com\/index.php?rest_route=\/wp\/v2\/media\/14697"}],"wp:attachment":[{"href":"https:\/\/entretormentas.com\/index.php?rest_route=%2Fwp%2Fv2%2Fmedia&parent=14695"}],"wp:term":[{"taxonomy":"category","embeddable":true,"href":"https:\/\/entretormentas.com\/index.php?rest_route=%2Fwp%2Fv2%2Fcategories&post=14695"},{"taxonomy":"post_tag","embeddable":true,"href":"https:\/\/entretormentas.com\/index.php?rest_route=%2Fwp%2Fv2%2Ftags&post=14695"}],"curies":[{"name":"wp","href":"https:\/\/api.w.org\/{rel}","templated":true}]}}