{"id":14706,"date":"2025-03-27T09:25:39","date_gmt":"2025-03-27T08:25:39","guid":{"rendered":"https:\/\/entretormentas.com\/?p=14706"},"modified":"2025-03-27T09:25:59","modified_gmt":"2025-03-27T08:25:59","slug":"trabajando-alcaldia-de-maracaibo-arranca-limpieza-de-la-canada-lara-parroquia-bolivar","status":"publish","type":"post","link":"https:\/\/entretormentas.com\/trabajando-alcaldia-de-maracaibo-arranca-limpieza-de-la-canada-lara-parroquia-bolivar\/","title":{"rendered":"\u00a1TRABAJANDO! Alcald\u00eda de Maracaibo arranca limpieza de la ca\u00f1ada Lara parroquia Bol\u00edvar"},"content":{"rendered":"\n<p><strong>ENTRE TORMENTAS.<\/strong> La Alcald\u00eda de Maracaibo, a trav\u00e9s del Instituto Municipal del Ambiente (IMA), inici\u00f3 la ma\u00f1ana de este lunes 24 de febrero los trabajos de limpieza y saneamiento de 1.3 kil\u00f3metros en la ca\u00f1ada Lara, tramo El Vi\u00f1edo, desde el sector 5 de Julio hasta el sector Santa B\u00e1rbara I, beneficiando a ambos sectores.<\/p>\n\n\n\n<p>Esta acci\u00f3n se enmarca dentro del Plan Integral de Saneamiento y Mantenimiento Ambiental implementado por la municipalidad en las 18 parroquias de la ciudad, con el prop\u00f3sito de evitar inundaciones y elevar la calidad de vida de los habitantes de la ciudad.<\/p>\n\n\n\n<p>Adri\u00e1n Romero Mart\u00ednez, alcalde encargado de Maracaibo, inspeccion\u00f3 el inicio de los trabajos y record\u00f3 que peri\u00f3dicamente el equipo de ambientalistas atiende esta ca\u00f1ada, retirando sedimentos y vegetaci\u00f3n de forma manual en su mayor parte. \u00abSeguimos avanzando tramo por tramo para que cuando venga la \u00e9poca de lluvia el caudal de agua pueda rodar tranquilamente por esta zona y no queden casas afectadas\u201d.<\/p>\n\n\n\n<figure class=\"wp-block-image size-large\"><img fetchpriority=\"high\" decoding=\"async\" width=\"1024\" height=\"682\" src=\"https:\/\/entretormentas.com\/wp-content\/uploads\/2025\/03\/image-506-1024x682.png\" alt=\"\" class=\"wp-image-14707\" srcset=\"https:\/\/entretormentas.com\/wp-content\/uploads\/2025\/03\/image-506-1024x682.png 1024w, https:\/\/entretormentas.com\/wp-content\/uploads\/2025\/03\/image-506-300x200.png 300w, https:\/\/entretormentas.com\/wp-content\/uploads\/2025\/03\/image-506-768x512.png 768w, https:\/\/entretormentas.com\/wp-content\/uploads\/2025\/03\/image-506.png 1280w\" sizes=\"(max-width: 1024px) 100vw, 1024px\" \/><\/figure>\n\n\n\n<p>Asimismo, reconoci\u00f3 las labores del instituto, resaltando que durante las precipitaciones del pasado 17 de marzo no hubo incidencias relacionadas con desbordamientos en los cauces. \u201cEstos resultados son fruto del trabajo que viene realizando la gesti\u00f3n desde el a\u00f1o 2021 con el alcalde Rafael Ram\u00edrez Colina. El empez\u00f3 el mantenimiento de todas las ca\u00f1adas y hoy nosotros le damos continuidad a su trabajo, haciendo las intervenciones respectivas. Porque al tener las ca\u00f1adas limpias, resguardamos la seguridad de nuestros marabinos\u201d.<\/p>\n\n\n\n<p>Por su parte, Gustavo Garrido, coordinador de Saneamiento Ambiental y de Ca\u00f1adas, precis\u00f3 que el saneamiento de la ca\u00f1ada Lara, tramo El Vi\u00f1edo, beneficia directamente a m\u00e1s de 40 mil marabinos entre los sectores 5 de Julio y Santa B\u00e1rbara, parroquia Bol\u00edvar. \u201cEsta ca\u00f1ada atraviesa toda la parroquia. Todo el que hace vida entre Bol\u00edvar y Santa Luc\u00eda, tiene que atravesar esta ca\u00f1ada por alguno de sus puntos\u201d.<\/p>\n\n\n\n<p>Del mismo modo, detall\u00f3 que de los 1.3 kil\u00f3metros a intervenir, 350 metros lineales ser\u00e1n atendidos de manera manual, \u201cel kil\u00f3metro restante est\u00e1 embaulado y ser\u00e1 saneado con maquinaria pesada\u201d, concluy\u00f3 Garrido.<\/p>\n\n\n\n<p>G\u00e9nesis Quintero, vecina de 34 a\u00f1os y beneficiada con el saneamiento del cauce, expres\u00f3 su alivio con la atenci\u00f3n que est\u00e1 recibiendo su comunidad y relat\u00f3 las dificultades que presentaban ella y sus vecinos durante las \u00e9pocas de lluvia a causa de la obstrucci\u00f3n de la ca\u00f1ada: \u201cNos limpiaron la ca\u00f1ada y tambi\u00e9n nos est\u00e1n limpiando el paso. Cuando llueve, el agua sube tanto que impide el tr\u00e1nsito. Hab\u00eda que esperar m\u00e1s de 24 horas despu\u00e9s de que cesa la lluvia para que el agua termine de correr y se seque. Quedamos incomunicados. Esta limpieza nos beneficia mucho porque el agua correr\u00e1 m\u00e1s r\u00e1pido, y nosotros nos sentiremos m\u00e1s tranquilos\u201d.<\/p>\n\n\n\n<p>Por su parte, Yerly Medina, una residente de 55 a\u00f1os que ha vivido \u00abtoda su vida\u00bb en el sector, hizo un llamado a la conciencia ciudadana: \u201cLe pedimos a los vecinos que, por favor, no tiren escombros ni basura en las ca\u00f1adas. Mantenerlas limpias nos beneficia a todos, ya que son nuestro paso peatonal y el de las casas vecinas\u201d.<br><strong><em>ET \/ DCI Alcald\u00eda de Maracaibo<\/em><\/strong><\/p>\n\n\n\n<p><\/p>\n","protected":false},"excerpt":{"rendered":"<p>ENTRE TORMENTAS. La Alcald\u00eda de Maracaibo, a trav\u00e9s del Instituto Municipal del Ambiente (IMA), inici\u00f3&#8230;<\/p>\n","protected":false},"author":2,"featured_media":14708,"comment_status":"closed","ping_status":"open","sticky":false,"template":"","format":"standard","meta":{"footnotes":""},"categories":[57,1],"tags":[],"class_list":["post-14706","post","type-post","status-publish","format-standard","has-post-thumbnail","hentry","category-actualidad","category-regionales"],"_links":{"self":[{"href":"https:\/\/entretormentas.com\/index.php?rest_route=\/wp\/v2\/posts\/14706","targetHints":{"allow":["GET"]}}],"collection":[{"href":"https:\/\/entretormentas.com\/index.php?rest_route=\/wp\/v2\/posts"}],"about":[{"href":"https:\/\/entretormentas.com\/index.php?rest_route=\/wp\/v2\/types\/post"}],"author":[{"embeddable":true,"href":"https:\/\/entretormentas.com\/index.php?rest_route=\/wp\/v2\/users\/2"}],"replies":[{"embeddable":true,"href":"https:\/\/entretormentas.com\/index.php?rest_route=%2Fwp%2Fv2%2Fcomments&post=14706"}],"version-history":[{"count":1,"href":"https:\/\/entretormentas.com\/index.php?rest_route=\/wp\/v2\/posts\/14706\/revisions"}],"predecessor-version":[{"id":14709,"href":"https:\/\/entretormentas.com\/index.php?rest_route=\/wp\/v2\/posts\/14706\/revisions\/14709"}],"wp:featuredmedia":[{"embeddable":true,"href":"https:\/\/entretormentas.com\/index.php?rest_route=\/wp\/v2\/media\/14708"}],"wp:attachment":[{"href":"https:\/\/entretormentas.com\/index.php?rest_route=%2Fwp%2Fv2%2Fmedia&parent=14706"}],"wp:term":[{"taxonomy":"category","embeddable":true,"href":"https:\/\/entretormentas.com\/index.php?rest_route=%2Fwp%2Fv2%2Fcategories&post=14706"},{"taxonomy":"post_tag","embeddable":true,"href":"https:\/\/entretormentas.com\/index.php?rest_route=%2Fwp%2Fv2%2Ftags&post=14706"}],"curies":[{"name":"wp","href":"https:\/\/api.w.org\/{rel}","templated":true}]}}