{"id":14724,"date":"2025-03-27T09:36:57","date_gmt":"2025-03-27T08:36:57","guid":{"rendered":"https:\/\/entretormentas.com\/?p=14724"},"modified":"2025-03-27T09:36:57","modified_gmt":"2025-03-27T08:36:57","slug":"solidaridad-global-mexico-rechaza-los-aranceles-de-eeuu-a-paises-que-compren-petroleo-a-venezuela","status":"publish","type":"post","link":"https:\/\/entretormentas.com\/solidaridad-global-mexico-rechaza-los-aranceles-de-eeuu-a-paises-que-compren-petroleo-a-venezuela\/","title":{"rendered":"\u00a1SOLIDARIDAD GLOBAL! M\u00e9xico rechaza los aranceles de EEUU a pa\u00edses que compren petr\u00f3leo a Venezuela"},"content":{"rendered":"\n<p><strong>ENTRE TORMENTAS.<\/strong> La presidenta de M\u00e9xico, Claudia Sheinbaum, se pronunci\u00f3 este mi\u00e9rcoles contra la medida impuesta por el gobierno estadounidense, quien impuso aranceles secundarios del 25% a los pa\u00edses que compren petr\u00f3leo o gas a Venezuela, y remarc\u00f3 que no est\u00e1 de acuerdo con que se pongan sanciones econ\u00f3micas a las naciones, pues no s\u00f3lo se afecta a sus gobernantes, sino a todo su pueblo.<\/p>\n\n\n\n<p>\u201cNo estamos de acuerdo con que se pongan sanciones econ\u00f3micas a los pa\u00edses, es un principio de la pol\u00edtica exterior mexicana, no s\u00f3lo es del gobierno que represento, sino en general; adem\u00e1s, lo establece la Constituci\u00f3n. Eso es importante porque no s\u00f3lo afecta a un gobierno o a una persona, sino a un pueblo entero. Para resolver los problemas siempre est\u00e1 la diplomacia y el di\u00e1logo internacional\u201d, dijo la presidenta esta ma\u00f1ana desde Palacio Nacional.<\/p>\n\n\n\n<p>Sheinbaum subray\u00f3 la importancia de la pol\u00edtica petrolera de la naci\u00f3n, enfocada en consumir internamente todo el petr\u00f3leo que se produce en el pa\u00eds. Se\u00f1al\u00f3 que, durante a\u00f1os, M\u00e9xico dependi\u00f3 de la exportaci\u00f3n de petr\u00f3leo, un modelo que alcanz\u00f3 su punto m\u00e1ximo en los gobiernos de Vicente Fox y Felipe Calder\u00f3n, quienes sobreexplotaron los yacimientos, lo que calific\u00f3 como una \u201cirresponsabilidad enorme\u201d.<br><strong><em>ET \/ EFE<\/em><\/strong><\/p>\n","protected":false},"excerpt":{"rendered":"<p>ENTRE TORMENTAS. La presidenta de M\u00e9xico, Claudia Sheinbaum, se pronunci\u00f3 este mi\u00e9rcoles contra la medida&#8230;<\/p>\n","protected":false},"author":2,"featured_media":14725,"comment_status":"closed","ping_status":"open","sticky":false,"template":"","format":"standard","meta":{"footnotes":""},"categories":[56,48],"tags":[],"class_list":["post-14724","post","type-post","status-publish","format-standard","has-post-thumbnail","hentry","category-destacadas","category-internacionales"],"_links":{"self":[{"href":"https:\/\/entretormentas.com\/index.php?rest_route=\/wp\/v2\/posts\/14724","targetHints":{"allow":["GET"]}}],"collection":[{"href":"https:\/\/entretormentas.com\/index.php?rest_route=\/wp\/v2\/posts"}],"about":[{"href":"https:\/\/entretormentas.com\/index.php?rest_route=\/wp\/v2\/types\/post"}],"author":[{"embeddable":true,"href":"https:\/\/entretormentas.com\/index.php?rest_route=\/wp\/v2\/users\/2"}],"replies":[{"embeddable":true,"href":"https:\/\/entretormentas.com\/index.php?rest_route=%2Fwp%2Fv2%2Fcomments&post=14724"}],"version-history":[{"count":1,"href":"https:\/\/entretormentas.com\/index.php?rest_route=\/wp\/v2\/posts\/14724\/revisions"}],"predecessor-version":[{"id":14726,"href":"https:\/\/entretormentas.com\/index.php?rest_route=\/wp\/v2\/posts\/14724\/revisions\/14726"}],"wp:featuredmedia":[{"embeddable":true,"href":"https:\/\/entretormentas.com\/index.php?rest_route=\/wp\/v2\/media\/14725"}],"wp:attachment":[{"href":"https:\/\/entretormentas.com\/index.php?rest_route=%2Fwp%2Fv2%2Fmedia&parent=14724"}],"wp:term":[{"taxonomy":"category","embeddable":true,"href":"https:\/\/entretormentas.com\/index.php?rest_route=%2Fwp%2Fv2%2Fcategories&post=14724"},{"taxonomy":"post_tag","embeddable":true,"href":"https:\/\/entretormentas.com\/index.php?rest_route=%2Fwp%2Fv2%2Ftags&post=14724"}],"curies":[{"name":"wp","href":"https:\/\/api.w.org\/{rel}","templated":true}]}}