{"id":14727,"date":"2025-03-27T09:39:54","date_gmt":"2025-03-27T08:39:54","guid":{"rendered":"https:\/\/entretormentas.com\/?p=14727"},"modified":"2025-03-27T09:39:55","modified_gmt":"2025-03-27T08:39:55","slug":"ahora-para-el-7-abr-cne-modifica-lapso-de-postulaciones-para-las-elecciones-del-25-may","status":"publish","type":"post","link":"https:\/\/entretormentas.com\/ahora-para-el-7-abr-cne-modifica-lapso-de-postulaciones-para-las-elecciones-del-25-may\/","title":{"rendered":"\u00a1AHORA PARA EL 7-ABR! CNE modifica lapso de postulaciones para las elecciones del 25-May"},"content":{"rendered":"\n<p><strong>ENTRE TORMENTAS.<\/strong> El Consejo Nacional Electoral (CNE), anunci\u00f3 la modificaci\u00f3n del lapso de postulaciones para las elecciones del 25 de mayo. Las postulaciones para Asamblea Nacional y cargos regionales se efectuar\u00e1n ahora del 7 al 11 de abril.<\/p>\n\n\n\n<p>La Rectora Aime Nogal M\u00e9ndez, presidenta de la Comisi\u00f3n de Participaci\u00f3n Pol\u00edtica y Financiamiento (Copafi), inform\u00f3 que el proceso de postulaciones establecido en el cronograma electoral a realizarse del 31 de marzo al 4 de abril ha sido reprogramado para el lapso del 7 al 11 de abril.<\/p>\n\n\n\n<p>Asever\u00f3 que el Consejo Nacional Electoral decidi\u00f3 que las postulaciones se realizar\u00e1n, a trav\u00e9s del Sistema Automatizado de Postulaciones (SAP).<\/p>\n\n\n\n<p>Asimismo, se aprob\u00f3 reprogramar y ejecutar las actividades siguientes:<br>\u2013 7 y 8 de abril, las organizaciones con fines pol\u00edticos (OFP) podr\u00e1n crear y modificar postulaciones, as\u00ed como realizar las alianzas correspondientes entre distintas organizaciones.<\/p>\n\n\n\n<p>\u2013 El 9 de abril los partidos pol\u00edticos deber\u00e1n presentar las postulaciones.<\/p>\n\n\n\n<p>\u2013 Del 10 al 11 de abril la Junta Nacional Electoral proceder\u00e1 con la revisi\u00f3n de los recaudos correspondientes para su admisi\u00f3n o rechazo.<\/p>\n\n\n\n<p>Para finalizar destac\u00f3 que, de las 97 actividades establecidas en el cronograma ya se ha ejecutado el 22 %.<br><strong><em>ET \/ Agencias<\/em><\/strong><\/p>\n","protected":false},"excerpt":{"rendered":"<p>ENTRE TORMENTAS. El Consejo Nacional Electoral (CNE), anunci\u00f3 la modificaci\u00f3n del lapso de postulaciones para&#8230;<\/p>\n","protected":false},"author":2,"featured_media":14728,"comment_status":"closed","ping_status":"open","sticky":false,"template":"","format":"standard","meta":{"footnotes":""},"categories":[56,49],"tags":[],"class_list":["post-14727","post","type-post","status-publish","format-standard","has-post-thumbnail","hentry","category-destacadas","category-nacionales"],"_links":{"self":[{"href":"https:\/\/entretormentas.com\/index.php?rest_route=\/wp\/v2\/posts\/14727","targetHints":{"allow":["GET"]}}],"collection":[{"href":"https:\/\/entretormentas.com\/index.php?rest_route=\/wp\/v2\/posts"}],"about":[{"href":"https:\/\/entretormentas.com\/index.php?rest_route=\/wp\/v2\/types\/post"}],"author":[{"embeddable":true,"href":"https:\/\/entretormentas.com\/index.php?rest_route=\/wp\/v2\/users\/2"}],"replies":[{"embeddable":true,"href":"https:\/\/entretormentas.com\/index.php?rest_route=%2Fwp%2Fv2%2Fcomments&post=14727"}],"version-history":[{"count":1,"href":"https:\/\/entretormentas.com\/index.php?rest_route=\/wp\/v2\/posts\/14727\/revisions"}],"predecessor-version":[{"id":14729,"href":"https:\/\/entretormentas.com\/index.php?rest_route=\/wp\/v2\/posts\/14727\/revisions\/14729"}],"wp:featuredmedia":[{"embeddable":true,"href":"https:\/\/entretormentas.com\/index.php?rest_route=\/wp\/v2\/media\/14728"}],"wp:attachment":[{"href":"https:\/\/entretormentas.com\/index.php?rest_route=%2Fwp%2Fv2%2Fmedia&parent=14727"}],"wp:term":[{"taxonomy":"category","embeddable":true,"href":"https:\/\/entretormentas.com\/index.php?rest_route=%2Fwp%2Fv2%2Fcategories&post=14727"},{"taxonomy":"post_tag","embeddable":true,"href":"https:\/\/entretormentas.com\/index.php?rest_route=%2Fwp%2Fv2%2Ftags&post=14727"}],"curies":[{"name":"wp","href":"https:\/\/api.w.org\/{rel}","templated":true}]}}